{"id":1721,"date":"2022-03-18T10:41:14","date_gmt":"2022-03-18T09:41:14","guid":{"rendered":"https:\/\/www.gestion-retraite.fr\/?p=1721"},"modified":"2022-03-18T10:41:14","modified_gmt":"2022-03-18T09:41:14","slug":"les-principaux-regimes-de-retraite-se-redressent-grace-a-la-reprise","status":"publish","type":"post","link":"https:\/\/myagencyinside.com\/maquettes\/gestion-retraite\/2022\/03\/18\/les-principaux-regimes-de-retraite-se-redressent-grace-a-la-reprise\/","title":{"rendered":"Les principaux r\u00e9gimes de retraite se redressent gr\u00e2ce \u00e0 la reprise"},"content":{"rendered":"\n<h3 class=\"wp-block-heading\">En 2021, le d\u00e9ficit du r\u00e9gime g\u00e9n\u00e9ral a \u00e9t\u00e9 ramen\u00e9 \u00e0 2,6 milliards gr\u00e2ce \u00e0 l&rsquo;envol\u00e9e des recettes. L&rsquo;Agirc-Arrco est revenue dans le vert, avec \u00e0 la clef une meilleure revalorisation annuelle des pensions compl\u00e9mentaires. Mais le syst\u00e8me de retraite demeurerait d\u00e9ficitaire pendant au moins 15 ans.<\/h3>\n\n\n\n<div style=\"height:20px\" aria-hidden=\"true\" class=\"wp-block-spacer\"><\/div>\n\n\n\n<p>Apr\u00e8s le grand plongeon de 2020, <a href=\"https:\/\/www.lesechos.fr\/economie-france\/social\/le-deficit-de-la-securite-sociale-ramene-a-246-milliards-deuros-en-2021-1393754\">les comptes de l&rsquo;assurance-retraite se sont nettement am\u00e9lior\u00e9s en 2021<\/a> , \u00e0 la faveur de la reprise \u00e9conomique. Le gouvernement a annonc\u00e9 cette semaine que le r\u00e9gime g\u00e9n\u00e9ral et le fonds de solidarit\u00e9 vieillesse avaient r\u00e9duit leur d\u00e9ficit \u00e0 2,6&nbsp;milliards d&rsquo;euros l&rsquo;ann\u00e9e derni\u00e8re, en diminution de 3,6&nbsp;milliards par rapport \u00e0 l&rsquo;ann\u00e9e pr\u00e9c\u00e9dente et de 2,9&nbsp;milliards par rapport \u00e0 la pr\u00e9vision inscrite dans la loi de financement de la S\u00e9curit\u00e9 sociale fin 2021.<\/p>\n\n\n\n<p>Le r\u00e9gime de base des salari\u00e9s du secteur priv\u00e9, qui d\u00e9pense pr\u00e8s de 250&nbsp;milliards d&rsquo;euros par an, est donc proche de l&rsquo;\u00e9quilibre. Mais leur r\u00e9gime compl\u00e9mentaire, lui, est carr\u00e9ment repass\u00e9 dans le vert. L&rsquo;Agirc-Arrco a affich\u00e9 un exc\u00e9dent de 2,6&nbsp;milliards d&rsquo;euros en 2021, succ\u00e9dant \u00e0 un d\u00e9ficit de 4,1&nbsp;milliards en 2020. Les performances des placements financiers sont plut\u00f4t moindres&nbsp;; mais le r\u00e9sultat technique est positif, \u00e0 2&nbsp;milliards, alors qu&rsquo;il \u00e9tait n\u00e9gatif de 5,3&nbsp;milliards l&rsquo;ann\u00e9e pr\u00e9c\u00e9dente.<\/p>\n\n\n\n<div style=\"height:20px\" aria-hidden=\"true\" class=\"wp-block-spacer\"><\/div>\n\n\n\n<h4 class=\"wp-block-heading\"><strong>Lire la suite de cet article sur <a href=\"https:\/\/www.lesechos.fr\/economie-france\/social\/les-principaux-regimes-de-retraite-se-redressent-grace-a-la-reprise-1394755\" target=\"_blank\" rel=\"noreferrer noopener\">Lesechos.fr<\/a> <\/strong><\/h4>\n","protected":false},"excerpt":{"rendered":"<p>En 2021, le d\u00e9ficit du r\u00e9gime g\u00e9n\u00e9ral a \u00e9t\u00e9 ramen\u00e9 \u00e0 2,6 milliards gr\u00e2ce \u00e0 l&rsquo;envol\u00e9e des recettes. L&rsquo;Agirc-Arrco est revenue dans le vert, avec \u00e0 la clef une meilleure revalorisation annuelle des pensions compl\u00e9mentaires. Mais le syst\u00e8me de retraite demeurerait d\u00e9ficitaire pendant au moins 15 ans.<\/p>\n","protected":false},"author":1,"featured_media":1723,"comment_status":"closed","ping_status":"closed","sticky":false,"template":"","format":"standard","meta":{"footnotes":""},"categories":[24],"tags":[36,37,38,18],"class_list":["post-1721","post","type-post","status-publish","format-standard","has-post-thumbnail","hentry","category-nos-actus","tag-agirc-arrco","tag-regimes-de-retraite","tag-reprise","tag-retraite"],"_links":{"self":[{"href":"https:\/\/myagencyinside.com\/maquettes\/gestion-retraite\/wp-json\/wp\/v2\/posts\/1721","targetHints":{"allow":["GET"]}}],"collection":[{"href":"https:\/\/myagencyinside.com\/maquettes\/gestion-retraite\/wp-json\/wp\/v2\/posts"}],"about":[{"href":"https:\/\/myagencyinside.com\/maquettes\/gestion-retraite\/wp-json\/wp\/v2\/types\/post"}],"author":[{"embeddable":true,"href":"https:\/\/myagencyinside.com\/maquettes\/gestion-retraite\/wp-json\/wp\/v2\/users\/1"}],"replies":[{"embeddable":true,"href":"https:\/\/myagencyinside.com\/maquettes\/gestion-retraite\/wp-json\/wp\/v2\/comments?post=1721"}],"version-history":[{"count":0,"href":"https:\/\/myagencyinside.com\/maquettes\/gestion-retraite\/wp-json\/wp\/v2\/posts\/1721\/revisions"}],"wp:featuredmedia":[{"embeddable":true,"href":"https:\/\/myagencyinside.com\/maquettes\/gestion-retraite\/wp-json\/wp\/v2\/media\/1723"}],"wp:attachment":[{"href":"https:\/\/myagencyinside.com\/maquettes\/gestion-retraite\/wp-json\/wp\/v2\/media?parent=1721"}],"wp:term":[{"taxonomy":"category","embeddable":true,"href":"https:\/\/myagencyinside.com\/maquettes\/gestion-retraite\/wp-json\/wp\/v2\/categories?post=1721"},{"taxonomy":"post_tag","embeddable":true,"href":"https:\/\/myagencyinside.com\/maquettes\/gestion-retraite\/wp-json\/wp\/v2\/tags?post=1721"}],"curies":[{"name":"wp","href":"https:\/\/api.w.org\/{rel}","templated":true}]}}