{"id":1731,"date":"2022-04-11T10:59:04","date_gmt":"2022-04-11T08:59:04","guid":{"rendered":"https:\/\/www.gestion-retraite.fr\/?p=1731"},"modified":"2022-04-11T10:59:04","modified_gmt":"2022-04-11T08:59:04","slug":"presidentielle-emmanuel-macron-ouvre-la-porte-a-la-retraite-a-64-ans","status":"publish","type":"post","link":"https:\/\/myagencyinside.com\/maquettes\/gestion-retraite\/2022\/04\/11\/presidentielle-emmanuel-macron-ouvre-la-porte-a-la-retraite-a-64-ans\/","title":{"rendered":"Pr\u00e9sidentielle : Emmanuel Macron ouvre la porte \u00e0 la retraite \u00e0 64 ans"},"content":{"rendered":"\n<h3 class=\"wp-block-heading\">Le pr\u00e9sident-candidat, qui va avoir besoin du vote populaire au second tour, se dit pr\u00eat \u00e0 adoucir son projet de reporter l&rsquo;\u00e2ge de d\u00e9part \u00e0 65 ans, dans le cadre d&rsquo;une n\u00e9gociation. Il n&rsquo;exclut pas de recourir au r\u00e9f\u00e9rendum sur les r\u00e9formes en g\u00e9n\u00e9ral.<\/h3>\n\n\n\n<div style=\"height:20px\" aria-hidden=\"true\" class=\"wp-block-spacer\"><\/div>\n\n\n\n<p>Emmanuel Macron fait des ouvertures sur son projet de r\u00e9forme des retraites. Ce lundi soir, sur BFMTV, le pr\u00e9sident-candidat a indiqu\u00e9 qu&rsquo;il \u00e9tait pr\u00eat \u00e0 discuter des modalit\u00e9s du <a rel=\"noreferrer noopener\" href=\"https:\/\/www.lesechos.fr\/elections\/presidentielle\/exclusif-emmanuel-macron-envisage-de-repousser-lage-de-la-retraite-a-65-ans-1392455\" target=\"_blank\">report de 62 \u00e0 65 ans de l&rsquo;\u00e2ge d&rsquo;ouverture des droits<\/a> . Interrog\u00e9 sur l&rsquo;hypoth\u00e8se d&rsquo;un report \u00e0 64 ans, il a m\u00eame r\u00e9pondu qu&rsquo;il \u00ab&nbsp;ouvrait la porte, si \u00e7a peut apporter un consensus&nbsp;\u00bb. Cette d\u00e9claration intervient au lendemain d&rsquo;un premier tour qui a donn\u00e9 la moiti\u00e9 des suffrages \u00e0 deux partisans de la retraite \u00e0 60 ans, Marine Le Pen et Jean-Luc M\u00e9lenchon. Hormis les retrait\u00e9s, les Fran\u00e7ais pl\u00e9biscitent le d\u00e9part \u00e0 la retraite le plus t\u00f4t possible. Emmanuel Macron sait que pour l&#8217;emporter au second tour, il doit gagner le vote populaire face \u00e0 la candidate d&rsquo;extr\u00eame-droite.<\/p>\n\n\n\n<p>Le candidat a d\u00e9clar\u00e9 qu&rsquo;il \u00e9tait pr\u00eat \u00e0 discuter \u00ab&nbsp;les bornes&nbsp;\u00bb (c&rsquo;est-\u00e0-dire les \u00e2ges de r\u00e9f\u00e9rence) et \u00ab&nbsp;le rythme&nbsp;\u00bb de sa r\u00e9forme (la cadence de la transition). Le projet actuel vise \u00e0 accro\u00eetre de 4 mois par an l&rsquo;\u00e2ge de d\u00e9part, pour parvenir en 2032 \u00e0 65 ans &#8211; bien au-del\u00e0 du terme du quinquennat \u00e0 venir. C&rsquo;est une formule interm\u00e9diaire entre le projet de Val\u00e9rie P\u00e9cresse (3 ans de plus, 5 mois par an) et celui d&rsquo;Eric Zemmour (2 ans de plus, 3 mois par an).<\/p>\n\n\n\n<div style=\"height:20px\" aria-hidden=\"true\" class=\"wp-block-spacer\"><\/div>\n\n\n\n<h4 class=\"wp-block-heading\"><strong>Lire la suite de l&rsquo;article sur <a href=\"https:\/\/www.lesechos.fr\/elections\/presidentielle\/presidentielle-emmanuel-macron-ouvre-la-porte-a-la-retraite-a-64-ans-1400016\" target=\"_blank\" rel=\"noreferrer noopener\">Lesechos.fr<\/a><\/strong><\/h4>\n","protected":false},"excerpt":{"rendered":"<p>Le pr\u00e9sident-candidat, qui va avoir besoin du vote populaire au second tour, se dit pr\u00eat \u00e0 adoucir son projet de reporter l&rsquo;\u00e2ge de d\u00e9part \u00e0 65 ans, dans le cadre d&rsquo;une n\u00e9gociation. Il n&rsquo;exclut pas de recourir au r\u00e9f\u00e9rendum sur les r\u00e9formes en g\u00e9n\u00e9ral.<\/p>\n","protected":false},"author":1,"featured_media":1732,"comment_status":"closed","ping_status":"closed","sticky":false,"template":"","format":"standard","meta":{"footnotes":""},"categories":[24],"tags":[39,40,41,18],"class_list":["post-1731","post","type-post","status-publish","format-standard","has-post-thumbnail","hentry","category-nos-actus","tag-64-ans","tag-age-de-depart","tag-presidentielles","tag-retraite"],"_links":{"self":[{"href":"https:\/\/myagencyinside.com\/maquettes\/gestion-retraite\/wp-json\/wp\/v2\/posts\/1731","targetHints":{"allow":["GET"]}}],"collection":[{"href":"https:\/\/myagencyinside.com\/maquettes\/gestion-retraite\/wp-json\/wp\/v2\/posts"}],"about":[{"href":"https:\/\/myagencyinside.com\/maquettes\/gestion-retraite\/wp-json\/wp\/v2\/types\/post"}],"author":[{"embeddable":true,"href":"https:\/\/myagencyinside.com\/maquettes\/gestion-retraite\/wp-json\/wp\/v2\/users\/1"}],"replies":[{"embeddable":true,"href":"https:\/\/myagencyinside.com\/maquettes\/gestion-retraite\/wp-json\/wp\/v2\/comments?post=1731"}],"version-history":[{"count":0,"href":"https:\/\/myagencyinside.com\/maquettes\/gestion-retraite\/wp-json\/wp\/v2\/posts\/1731\/revisions"}],"wp:featuredmedia":[{"embeddable":true,"href":"https:\/\/myagencyinside.com\/maquettes\/gestion-retraite\/wp-json\/wp\/v2\/media\/1732"}],"wp:attachment":[{"href":"https:\/\/myagencyinside.com\/maquettes\/gestion-retraite\/wp-json\/wp\/v2\/media?parent=1731"}],"wp:term":[{"taxonomy":"category","embeddable":true,"href":"https:\/\/myagencyinside.com\/maquettes\/gestion-retraite\/wp-json\/wp\/v2\/categories?post=1731"},{"taxonomy":"post_tag","embeddable":true,"href":"https:\/\/myagencyinside.com\/maquettes\/gestion-retraite\/wp-json\/wp\/v2\/tags?post=1731"}],"curies":[{"name":"wp","href":"https:\/\/api.w.org\/{rel}","templated":true}]}}