{"id":1736,"date":"2022-04-12T11:06:45","date_gmt":"2022-04-12T09:06:45","guid":{"rendered":"https:\/\/www.gestion-retraite.fr\/?p=1736"},"modified":"2022-04-12T11:06:45","modified_gmt":"2022-04-12T09:06:45","slug":"debat-macron-le-pen-que-proposent-les-deux-finalistes-a-la-presidentielle-sur-les-retraites","status":"publish","type":"post","link":"https:\/\/myagencyinside.com\/maquettes\/gestion-retraite\/2022\/04\/12\/debat-macron-le-pen-que-proposent-les-deux-finalistes-a-la-presidentielle-sur-les-retraites\/","title":{"rendered":"Macron-Le Pen : que proposent les finalistes \u00e0 la pr\u00e9sidentielle sur les retraites ?"},"content":{"rendered":"\n<h3 class=\"wp-block-heading\">Emmanuel Macron et Marine Le Pen s&rsquo;opposent sur l&rsquo;\u00e2ge de d\u00e9part \u00e0 la retraite, mais s&rsquo;accordent sur la revalorisation des pensions.<em> Le Figaro <\/em>fait le point sur leurs propositions.<\/h3>\n\n\n\n<div style=\"height:20px\" aria-hidden=\"true\" class=\"wp-block-spacer\"><\/div>\n\n\n\n<p>Bien qu&rsquo;elles ne fassent plus partie des pr\u00e9occupations principales des Fran\u00e7ais selon les derniers sondages, supplant\u00e9es par le pouvoir d&rsquo;achat, la sant\u00e9 ou la s\u00e9curit\u00e9, les retraites s&rsquo;annoncent comme l&rsquo;un des th\u00e8mes principaux de la campagne d&rsquo;entre-deux tours entre <a href=\"https:\/\/www.lefigaro.fr\/elections\/presidentielles\/presidentielle-2022-emmanuel-macron-candidat-20220303\">Emmanuel Macron<\/a> et <a href=\"https:\/\/www.lefigaro.fr\/elections\/presidentielles\/presidentielle-2022-marine-le-pen-candidate-20211007\">Marine Le Pen<\/a>. Si les deux finalistes \u00e0 la pr\u00e9sidentielle se rejoignent sur la n\u00e9cessit\u00e9 de revaloriser le niveau de vie des a\u00een\u00e9s, ils pr\u00e9sentent des propositions oppos\u00e9es sur l&rsquo;\u00e2ge de d\u00e9part \u00e0 la retraite.<\/p>\n\n\n\n<p>\u00ab<em>Les retraites sont un passage obligatoire pour tout candidat \u00e0 la pr\u00e9sidentielle<\/em>\u00bb, estime Victor Poirier, directeur des publications \u00e0 l&rsquo;Institut Montaigne. \u00ab<em>C&rsquo;est un sujet politique, car les retrait\u00e9s sont l&rsquo;une des populations qui votent le plus, mais aussi un sujet de d\u00e9penses publiques, les retraites repr\u00e9sentant 14% du PIB. Et puis c&rsquo;est un sujet qui passionne et inqui\u00e8te les Fran\u00e7ais, y compris les plus jeunes<\/em>\u00bb, analyse le responsable du think tank lib\u00e9ral. Que proposent concr\u00e8tement Emmanuel Macron et Marine Le Pen&nbsp;? <em>Le Figaro <\/em>fait le point.<\/p>\n\n\n\n<div style=\"height:20px\" aria-hidden=\"true\" class=\"wp-block-spacer\"><\/div>\n\n\n\n<h4 class=\"wp-block-heading\"><strong>Lire la suite de l&rsquo;article sur <a rel=\"noreferrer noopener\" href=\"https:\/\/www.lefigaro.fr\/conjoncture\/retraites-que-proposent-les-deux-finalistes-a-la-presidentielle-emmanuel-macron-et-marine-le-pen-20220412\" target=\"_blank\">Lefigaro.fr<\/a><\/strong><\/h4>\n","protected":false},"excerpt":{"rendered":"<p>Emmanuel Macron et Marine Le Pen s&rsquo;opposent sur l&rsquo;\u00e2ge de d\u00e9part \u00e0 la retraite, mais s&rsquo;accordent sur la revalorisation des pensions. Le Figaro fait le point sur leurs propositions.<\/p>\n","protected":false},"author":1,"featured_media":1738,"comment_status":"closed","ping_status":"closed","sticky":false,"template":"","format":"standard","meta":{"footnotes":""},"categories":[24],"tags":[40,42,18,43],"class_list":["post-1736","post","type-post","status-publish","format-standard","has-post-thumbnail","hentry","category-nos-actus","tag-age-de-depart","tag-propositions","tag-retraite","tag-revalorisation-des-pensions"],"_links":{"self":[{"href":"https:\/\/myagencyinside.com\/maquettes\/gestion-retraite\/wp-json\/wp\/v2\/posts\/1736","targetHints":{"allow":["GET"]}}],"collection":[{"href":"https:\/\/myagencyinside.com\/maquettes\/gestion-retraite\/wp-json\/wp\/v2\/posts"}],"about":[{"href":"https:\/\/myagencyinside.com\/maquettes\/gestion-retraite\/wp-json\/wp\/v2\/types\/post"}],"author":[{"embeddable":true,"href":"https:\/\/myagencyinside.com\/maquettes\/gestion-retraite\/wp-json\/wp\/v2\/users\/1"}],"replies":[{"embeddable":true,"href":"https:\/\/myagencyinside.com\/maquettes\/gestion-retraite\/wp-json\/wp\/v2\/comments?post=1736"}],"version-history":[{"count":0,"href":"https:\/\/myagencyinside.com\/maquettes\/gestion-retraite\/wp-json\/wp\/v2\/posts\/1736\/revisions"}],"wp:featuredmedia":[{"embeddable":true,"href":"https:\/\/myagencyinside.com\/maquettes\/gestion-retraite\/wp-json\/wp\/v2\/media\/1738"}],"wp:attachment":[{"href":"https:\/\/myagencyinside.com\/maquettes\/gestion-retraite\/wp-json\/wp\/v2\/media?parent=1736"}],"wp:term":[{"taxonomy":"category","embeddable":true,"href":"https:\/\/myagencyinside.com\/maquettes\/gestion-retraite\/wp-json\/wp\/v2\/categories?post=1736"},{"taxonomy":"post_tag","embeddable":true,"href":"https:\/\/myagencyinside.com\/maquettes\/gestion-retraite\/wp-json\/wp\/v2\/tags?post=1736"}],"curies":[{"name":"wp","href":"https:\/\/api.w.org\/{rel}","templated":true}]}}