{"id":2073,"date":"2022-06-08T15:30:02","date_gmt":"2022-06-08T13:30:02","guid":{"rendered":"https:\/\/www.gestion-retraite.fr\/?p=2073"},"modified":"2022-06-08T15:30:02","modified_gmt":"2022-06-08T13:30:02","slug":"reforme-des-retraite-recul-de-lage-legal-applicable-des-lete-2023","status":"publish","type":"post","link":"https:\/\/myagencyinside.com\/maquettes\/gestion-retraite\/2022\/06\/08\/reforme-des-retraite-recul-de-lage-legal-applicable-des-lete-2023\/","title":{"rendered":"R\u00e9forme des retraite : recul de l&rsquo;\u00e2ge l\u00e9gal applicable d\u00e8s l&rsquo;\u00e9t\u00e9 2023"},"content":{"rendered":"\n<h3 class=\"wp-block-heading\">Une chose est certaine : les Fran\u00e7ais et les Fran\u00e7aises vont devoir travailler plus et ce, d\u00e8s l\u2019ann\u00e9e prochaine&nbsp;!<\/h3>\n\n\n\n<div style=\"height:20px\" aria-hidden=\"true\" class=\"wp-block-spacer\"><\/div>\n\n\n\n<p>Pourquoi&nbsp;un tel constat ? D\u00e9s\u00e9quilibre financier du syst\u00e8me de retraites, diminution du ratio actifs \/ retrait\u00e9s, augmentation de l\u2019esp\u00e9rance de vie, dur\u00e9e de vie pass\u00e9e \u00e0 la retraite record pour les Fran\u00e7ais et les Fran\u00e7aises\u2026 Voil\u00e0 autant de raisons qui acculent le Gouvernement \u00e0 reculer l&rsquo;\u00e2ge l\u00e9gal de d\u00e9part \u00e0 la retraite de 62 \u00e0 65 ans.<\/p>\n\n\n\n<p>La m\u00e9thode pour mettre en place cette r\u00e9forme&nbsp;? Actionner le levier param\u00e9trique de l\u2019\u00e2ge l\u00e9gal en l\u2019augmentant progressivement de 4 mois d\u00e8s l\u2019\u00e9t\u00e9 2023. Concr\u00e8tement, cela reviendrait \u00e0 d\u00e9caler l\u2019\u00e2ge de d\u00e9part \u00e0 la retraite :<\/p>\n\n\n\n<ul class=\"wp-block-list\"><li>\u00c0 62 ans 4 mois pour la g\u00e9n\u00e9ration 1961 (la premi\u00e8re concern\u00e9e)<\/li><li>\u00c0 62 ans 8 mois pour la g\u00e9n\u00e9ration 1962 <\/li><li>Pour la g\u00e9n\u00e9ration 1963 \u00e0 63 ans.<\/li><li>Ce, jusqu\u2019aux g\u00e9n\u00e9rations 1969 et suivantes qui ne pourront pas partir avant 65 ans.<\/li><\/ul>\n\n\n\n<p><\/p>\n\n\n\n<figure class=\"wp-block-table\"><table><tbody><tr><td><strong>Ann\u00e9e de naissance<\/strong><\/td><td><strong>\u00c2ge de d\u00e9part<\/strong><\/td><td><strong>Ann\u00e9e de d\u00e9part<\/strong><\/td><\/tr><tr><td>1961<\/td><td>62 ans et 4 mois<\/td><td>2023-1er trimestre 2024<\/td><\/tr><tr><td>1962<\/td><td>62 ans et 8 mois<\/td><td>2024-2025<\/td><\/tr><tr><td>1963<\/td><td>63 ans<\/td><td>2026<\/td><\/tr><tr><td>1964<\/td><td>63 ans et 4 mois<\/td><td>2027-2028<\/td><\/tr><tr><td>1965<\/td><td>63 ans et 8 mois<\/td><td>2028-2029<\/td><\/tr><tr><td>1966<\/td><td>64 ans<\/td><td>2030<\/td><\/tr><tr><td>1967<\/td><td>64 ans et 4 mois<\/td><td>2031-1er trimestre 2032<\/td><\/tr><tr><td>1968<\/td><td>64 ans et 8 mois<\/td><td>2032-2033<\/td><\/tr><tr><td>1969<\/td><td>65 ans<\/td><td>2034<\/td><\/tr><\/tbody><\/table><\/figure>\n\n\n\n<p>Des dispositifs d\u00e9rogatoires prenant en compte certains profils (notamment les carri\u00e8res longues, handicap, p\u00e9nibilit\u00e9) et permettant de partir avant l\u2019\u00e2ge l\u00e9gal devraient n\u00e9anmoins \u00eatre maintenus. Notons toutefois qu\u2019une clause de revoyure est envisag\u00e9e \u00e0 la fin du quinquennat d\u2019Emmanuel MACRON afin d\u2019\u00e9valuer la pertinence d\u2019augmenter l\u2019\u00e2ge l\u00e9gal au-del\u00e0 de 64 ans au regard des nouveaux indicateurs.<\/p>\n\n\n\n<p>Affaire \u00e0 suivre\u2026<\/p>\n","protected":false},"excerpt":{"rendered":"<p>Une chose est certaine : les Fran\u00e7ais\u00b7ses vont devoir travailler plus et ce, d\u00e8s l\u2019ann\u00e9e prochaine !<\/p>\n","protected":false},"author":1,"featured_media":2074,"comment_status":"closed","ping_status":"closed","sticky":false,"template":"","format":"standard","meta":{"footnotes":""},"categories":[24],"tags":[44,45,46,26,18],"class_list":["post-2073","post","type-post","status-publish","format-standard","has-post-thumbnail","hentry","category-nos-actus","tag-age-legal","tag-depart","tag-depart-retraite","tag-reforme","tag-retraite"],"_links":{"self":[{"href":"https:\/\/myagencyinside.com\/maquettes\/gestion-retraite\/wp-json\/wp\/v2\/posts\/2073","targetHints":{"allow":["GET"]}}],"collection":[{"href":"https:\/\/myagencyinside.com\/maquettes\/gestion-retraite\/wp-json\/wp\/v2\/posts"}],"about":[{"href":"https:\/\/myagencyinside.com\/maquettes\/gestion-retraite\/wp-json\/wp\/v2\/types\/post"}],"author":[{"embeddable":true,"href":"https:\/\/myagencyinside.com\/maquettes\/gestion-retraite\/wp-json\/wp\/v2\/users\/1"}],"replies":[{"embeddable":true,"href":"https:\/\/myagencyinside.com\/maquettes\/gestion-retraite\/wp-json\/wp\/v2\/comments?post=2073"}],"version-history":[{"count":0,"href":"https:\/\/myagencyinside.com\/maquettes\/gestion-retraite\/wp-json\/wp\/v2\/posts\/2073\/revisions"}],"wp:featuredmedia":[{"embeddable":true,"href":"https:\/\/myagencyinside.com\/maquettes\/gestion-retraite\/wp-json\/wp\/v2\/media\/2074"}],"wp:attachment":[{"href":"https:\/\/myagencyinside.com\/maquettes\/gestion-retraite\/wp-json\/wp\/v2\/media?parent=2073"}],"wp:term":[{"taxonomy":"category","embeddable":true,"href":"https:\/\/myagencyinside.com\/maquettes\/gestion-retraite\/wp-json\/wp\/v2\/categories?post=2073"},{"taxonomy":"post_tag","embeddable":true,"href":"https:\/\/myagencyinside.com\/maquettes\/gestion-retraite\/wp-json\/wp\/v2\/tags?post=2073"}],"curies":[{"name":"wp","href":"https:\/\/api.w.org\/{rel}","templated":true}]}}