{"id":2083,"date":"2022-06-23T14:45:00","date_gmt":"2022-06-23T12:45:00","guid":{"rendered":"https:\/\/www.gestion-retraite.fr\/?p=2083"},"modified":"2022-06-23T14:45:00","modified_gmt":"2022-06-23T12:45:00","slug":"le-flou-qui-entoure-la-revalorisation-des-retraites-complementaires","status":"publish","type":"post","link":"https:\/\/myagencyinside.com\/maquettes\/gestion-retraite\/2022\/06\/23\/le-flou-qui-entoure-la-revalorisation-des-retraites-complementaires\/","title":{"rendered":"Le flou qui entoure la revalorisation des retraites compl\u00e9mentaires"},"content":{"rendered":"\n<h3 class=\"wp-block-heading\">Le gouvernement pr\u00e9voit d\u2019augmenter la retraite de base de 4% cet \u00e9t\u00e9. Les r\u00e9gimes de retraite compl\u00e9mentaire suivront-ils le m\u00eame chemin ? Rien n\u2019est moins s\u00fbr.<\/h3>\n\n\n\n<div style=\"height:20px\" aria-hidden=\"true\" class=\"wp-block-spacer\"><\/div>\n\n\n\n<p>De combien la pension des retrait\u00e9s va-t-elle augmenter cet \u00e9t\u00e9\u2009? La r\u00e9ponse n\u2019est pas facile voire impossible \u00e0 donner aujourd\u2019hui. Voici ce que l\u2019on sait d\u00e9j\u00e0. Le gouvernement a annonc\u00e9 qu\u2019en juillet, la retraite de base <a href=\"https:\/\/www.capital.fr\/votre-retraite\/retraite-quelle-sera-la-hausse-precise-de-votre-pension-en-juillet-1438507\">sera augment\u00e9e exceptionnellement de 4%<\/a>. Si la loi est bien vot\u00e9e dans les temps, les retrait\u00e9s devraient bien b\u00e9n\u00e9ficier de cette hausse lors du versement de la retraite de base&#8230;<\/p>\n\n\n\n<div style=\"height:20px\" aria-hidden=\"true\" class=\"wp-block-spacer\"><\/div>\n\n\n\n<p><strong>Lire la suite de l&rsquo;article sur <a href=\"https:\/\/www.capital.fr\/votre-retraite\/le-flou-qui-entoure-la-revalorisation-des-retraites-complementaires-1439841\" target=\"_blank\" rel=\"noreferrer noopener\">Capital.fr<\/a><\/strong><\/p>\n","protected":false},"excerpt":{"rendered":"<p>Le gouvernement pr\u00e9voit d\u2019augmenter la retraite de base de 4% cet \u00e9t\u00e9. Les r\u00e9gimes de retraite compl\u00e9mentaire suivront-ils le m\u00eame chemin ? Rien n\u2019est moins s\u00fbr.<\/p>\n","protected":false},"author":1,"featured_media":2084,"comment_status":"closed","ping_status":"closed","sticky":false,"template":"","format":"standard","meta":{"footnotes":""},"categories":[24],"tags":[47,18,48,49],"class_list":["post-2083","post","type-post","status-publish","format-standard","has-post-thumbnail","hentry","category-nos-actus","tag-gouvernement","tag-retraite","tag-retraite-complmentaire","tag-revalorisation"],"_links":{"self":[{"href":"https:\/\/myagencyinside.com\/maquettes\/gestion-retraite\/wp-json\/wp\/v2\/posts\/2083","targetHints":{"allow":["GET"]}}],"collection":[{"href":"https:\/\/myagencyinside.com\/maquettes\/gestion-retraite\/wp-json\/wp\/v2\/posts"}],"about":[{"href":"https:\/\/myagencyinside.com\/maquettes\/gestion-retraite\/wp-json\/wp\/v2\/types\/post"}],"author":[{"embeddable":true,"href":"https:\/\/myagencyinside.com\/maquettes\/gestion-retraite\/wp-json\/wp\/v2\/users\/1"}],"replies":[{"embeddable":true,"href":"https:\/\/myagencyinside.com\/maquettes\/gestion-retraite\/wp-json\/wp\/v2\/comments?post=2083"}],"version-history":[{"count":0,"href":"https:\/\/myagencyinside.com\/maquettes\/gestion-retraite\/wp-json\/wp\/v2\/posts\/2083\/revisions"}],"wp:featuredmedia":[{"embeddable":true,"href":"https:\/\/myagencyinside.com\/maquettes\/gestion-retraite\/wp-json\/wp\/v2\/media\/2084"}],"wp:attachment":[{"href":"https:\/\/myagencyinside.com\/maquettes\/gestion-retraite\/wp-json\/wp\/v2\/media?parent=2083"}],"wp:term":[{"taxonomy":"category","embeddable":true,"href":"https:\/\/myagencyinside.com\/maquettes\/gestion-retraite\/wp-json\/wp\/v2\/categories?post=2083"},{"taxonomy":"post_tag","embeddable":true,"href":"https:\/\/myagencyinside.com\/maquettes\/gestion-retraite\/wp-json\/wp\/v2\/tags?post=2083"}],"curies":[{"name":"wp","href":"https:\/\/api.w.org\/{rel}","templated":true}]}}