{"id":2087,"date":"2022-06-21T14:54:00","date_gmt":"2022-06-21T12:54:00","guid":{"rendered":"https:\/\/www.gestion-retraite.fr\/?p=2087"},"modified":"2022-06-21T14:54:00","modified_gmt":"2022-06-21T12:54:00","slug":"retraite-une-avancee-importante-pour-les-professions-liberales","status":"publish","type":"post","link":"https:\/\/myagencyinside.com\/maquettes\/gestion-retraite\/2022\/06\/21\/retraite-une-avancee-importante-pour-les-professions-liberales\/","title":{"rendered":"Retraite : une avanc\u00e9e importante pour les professions lib\u00e9rales"},"content":{"rendered":"\n<h3 class=\"wp-block-heading\">Si, en tant que profession lib\u00e9rale, vous mettez trop de temps \u00e0 payer vos cotisations, vous pouvez perdre certains droits \u00e0 la retraite. Une situation amen\u00e9e \u00e0 \u00e9voluer.<\/h3>\n\n\n\n<div style=\"height:20px\" aria-hidden=\"true\" class=\"wp-block-spacer\"><\/div>\n\n\n\n<p>Il peut arriver, pour une raison ou une autre, de payer ses cotisations sociales avec retard. Or, le code de la S\u00e9curit\u00e9 sociale pr\u00e9voit que les cotisations pay\u00e9es plus de\u2026<\/p>\n\n\n\n<div style=\"height:20px\" aria-hidden=\"true\" class=\"wp-block-spacer\"><\/div>\n\n\n\n<p><strong>Lire la suite de l&rsquo;article sur <a href=\"https:\/\/www.capital.fr\/votre-retraite\/retraite-une-avancee-importante-pour-les-professions-liberales-1439585\" target=\"_blank\" rel=\"noreferrer noopener\">Capital.fr<\/a><\/strong><\/p>\n","protected":false},"excerpt":{"rendered":"<p>Si, en tant que profession lib\u00e9rale, vous mettez trop de temps \u00e0 payer vos cotisations, vous pouvez perdre certains droits \u00e0 la retraite. Une situation amen\u00e9e \u00e0 \u00e9voluer. Il peut arriver, pour une raison ou une autre, de payer ses cotisations sociales avec retard. Or, le code de la S\u00e9curit\u00e9 sociale pr\u00e9voit que les cotisations pay\u00e9es plus de\u2026 Lire la suite de l&rsquo;article sur Capital.fr<\/p>\n","protected":false},"author":1,"featured_media":2089,"comment_status":"closed","ping_status":"closed","sticky":false,"template":"","format":"standard","meta":{"footnotes":""},"categories":[24],"tags":[50,14,51,18],"class_list":["post-2087","post","type-post","status-publish","format-standard","has-post-thumbnail","hentry","category-nos-actus","tag-avancee","tag-cotisations","tag-professions-liberales","tag-retraite"],"_links":{"self":[{"href":"https:\/\/myagencyinside.com\/maquettes\/gestion-retraite\/wp-json\/wp\/v2\/posts\/2087","targetHints":{"allow":["GET"]}}],"collection":[{"href":"https:\/\/myagencyinside.com\/maquettes\/gestion-retraite\/wp-json\/wp\/v2\/posts"}],"about":[{"href":"https:\/\/myagencyinside.com\/maquettes\/gestion-retraite\/wp-json\/wp\/v2\/types\/post"}],"author":[{"embeddable":true,"href":"https:\/\/myagencyinside.com\/maquettes\/gestion-retraite\/wp-json\/wp\/v2\/users\/1"}],"replies":[{"embeddable":true,"href":"https:\/\/myagencyinside.com\/maquettes\/gestion-retraite\/wp-json\/wp\/v2\/comments?post=2087"}],"version-history":[{"count":0,"href":"https:\/\/myagencyinside.com\/maquettes\/gestion-retraite\/wp-json\/wp\/v2\/posts\/2087\/revisions"}],"wp:featuredmedia":[{"embeddable":true,"href":"https:\/\/myagencyinside.com\/maquettes\/gestion-retraite\/wp-json\/wp\/v2\/media\/2089"}],"wp:attachment":[{"href":"https:\/\/myagencyinside.com\/maquettes\/gestion-retraite\/wp-json\/wp\/v2\/media?parent=2087"}],"wp:term":[{"taxonomy":"category","embeddable":true,"href":"https:\/\/myagencyinside.com\/maquettes\/gestion-retraite\/wp-json\/wp\/v2\/categories?post=2087"},{"taxonomy":"post_tag","embeddable":true,"href":"https:\/\/myagencyinside.com\/maquettes\/gestion-retraite\/wp-json\/wp\/v2\/tags?post=2087"}],"curies":[{"name":"wp","href":"https:\/\/api.w.org\/{rel}","templated":true}]}}