{"id":2091,"date":"2022-06-24T14:58:00","date_gmt":"2022-06-24T12:58:00","guid":{"rendered":"https:\/\/www.gestion-retraite.fr\/?p=2091"},"modified":"2022-06-24T14:58:00","modified_gmt":"2022-06-24T12:58:00","slug":"la-reforme-des-retraites-tant-voulue-par-macron-premiere-victime-de-la-majorite-relative","status":"publish","type":"post","link":"https:\/\/myagencyinside.com\/maquettes\/gestion-retraite\/2022\/06\/24\/la-reforme-des-retraites-tant-voulue-par-macron-premiere-victime-de-la-majorite-relative\/","title":{"rendered":"La r\u00e9forme des retraites tant voulue par Macron, premi\u00e8re victime de la majorit\u00e9 relative ?"},"content":{"rendered":"\n<h3 class=\"wp-block-heading\">Faudra-t-il tirer un trait d\u00e9finitif sur la r\u00e9forme des retraites, d\u00e9j\u00e0 abandonn\u00e9e lors du premier quinquennat d&rsquo;Emmanuel Macron ? La majorit\u00e9 relative obtenue par le camp pr\u00e9sidentiel aux derni\u00e8res \u00e9lections l\u00e9gislatives augure des discussions et un vote compliqu\u00e9s autour de ce texte, dont l&rsquo;ambition est de reculer l&rsquo;\u00e2ge l\u00e9gal de d\u00e9part \u00e0 65 ans et de supprimer les r\u00e9gimes sp\u00e9ciaux.<\/h3>\n\n\n\n<div style=\"height:20px\" aria-hidden=\"true\" class=\"wp-block-spacer\"><\/div>\n\n\n\n<p>Emmanuel Macron avait pourtant indiqu\u00e9 le 3 juin dernier, avant le renouvellement de l&rsquo;Assembl\u00e9e nationale, qu&rsquo;il souhaitait la mettre en \u0153uvre d\u00e8s l&rsquo;\u00e9t\u00e9 2023.&nbsp; Sur LCI ce jeudi 23 juin, la Premi\u00e8re ministre \u00c9lisabeth Borne a assur\u00e9 que ce projet de loi faisait partie des <em>\u00ab\u00a0discussions\u00a0\u00bb<\/em> qui avaient lieu entre le gouvernement et ceux qui pourraient l&rsquo;aider \u00e0 avoir une majorit\u00e9 absolue pour le voter. <em>\u00ab\u00a0\u00c7a fait partie des discussions qu\u2019il faudra qu\u2019on ait avec les diff\u00e9rents partis politiques repr\u00e9sent\u00e9s \u00e0 l\u2019Assembl\u00e9e nationale\u00a0\u00bb<\/em>, a assur\u00e9 \u00c9lisabeth Borne \u00e0 Ruth Elkrief.&nbsp;<\/p>\n\n\n\n<p><em>\u00ab\u00a0La pr\u00e9occupation qui a \u00e9t\u00e9 exprim\u00e9e par le pr\u00e9sident de la R\u00e9publique, c\u2019est qu\u2019on doit financer un mod\u00e8le social\u00a0\u00bb<\/em>, a-t-elle ajout\u00e9, appelant<a href=\"https:\/\/www.tf1info.fr\/politique\/emmanuel-macron-invite-ses-opposants-a-dire-jusqu-ou-ils-sont-prets-a-aller-pour-gouverner-sans-bloquer-2224042.html\" target=\"_blank\" rel=\"noreferrer noopener\"> elle aussi l&rsquo;opposition \u00e0 prendre <em>\u00ab\u00a0ses responsabilit\u00e9s\u00a0\u00bb<\/em> <\/a>et se disant malgr\u00e9 tout <em>\u00ab\u00a0confiante\u00a0\u00bb<\/em>. Donnant l&rsquo;exemple du pouvoir d&rsquo;achat, elle a estim\u00e9 que sur la <a href=\"https:\/\/www.tf1info.fr\/economie\/gaz-penurie-a-cause-de-la-guerre-en-ukraine-le-bouclier-tarifaire-prolonge-jusqu-a-la-fin-de-l-annee-annonce-la-premiere-elisabeth-elisabeth-borne-2224148.html\" target=\"_blank\" rel=\"noreferrer noopener\">prolongation du bouclier tarifaire<\/a>, <em>\u00ab\u00a0aucun groupe ne va dire qu&rsquo;on pourrait augmenter de 45% la facture \u00e9nergie des Fran\u00e7ais\u00a0\u00bb<\/em>. De m\u00eame pour la revalorisation des pensions des retrait\u00e9s, <em>\u00ab\u00a0je pense qu&rsquo;on trouvera un large accord pour tenir compte de l&rsquo;inflation\u00a0\u00bb<\/em>.<\/p>\n\n\n\n<div style=\"height:20px\" aria-hidden=\"true\" class=\"wp-block-spacer\"><\/div>\n\n\n\n<p><strong>Lire la suite de l&rsquo;article sur<a href=\"https:\/\/www.tf1info.fr\/politique\/la-reforme-des-retraites-tant-voulue-par-emmanuel-macron-premiere-victime-de-la-majorite-relative-2224219.html\" target=\"_blank\" rel=\"noreferrer noopener\"> TF1info.fr<\/a><\/strong><\/p>\n","protected":false},"excerpt":{"rendered":"<p>Faudra-t-il tirer un trait d\u00e9finitif sur la r\u00e9forme des retraites, d\u00e9j\u00e0 abandonn\u00e9e lors du premier quinquennat d&rsquo;Emmanuel Macron ?<\/p>\n","protected":false},"author":1,"featured_media":2092,"comment_status":"closed","ping_status":"closed","sticky":false,"template":"","format":"standard","meta":{"footnotes":""},"categories":[24],"tags":[52,53,26,18],"class_list":["post-2091","post","type-post","status-publish","format-standard","has-post-thumbnail","hentry","category-nos-actus","tag-elections-legislatives","tag-majorite","tag-reforme","tag-retraite"],"_links":{"self":[{"href":"https:\/\/myagencyinside.com\/maquettes\/gestion-retraite\/wp-json\/wp\/v2\/posts\/2091","targetHints":{"allow":["GET"]}}],"collection":[{"href":"https:\/\/myagencyinside.com\/maquettes\/gestion-retraite\/wp-json\/wp\/v2\/posts"}],"about":[{"href":"https:\/\/myagencyinside.com\/maquettes\/gestion-retraite\/wp-json\/wp\/v2\/types\/post"}],"author":[{"embeddable":true,"href":"https:\/\/myagencyinside.com\/maquettes\/gestion-retraite\/wp-json\/wp\/v2\/users\/1"}],"replies":[{"embeddable":true,"href":"https:\/\/myagencyinside.com\/maquettes\/gestion-retraite\/wp-json\/wp\/v2\/comments?post=2091"}],"version-history":[{"count":0,"href":"https:\/\/myagencyinside.com\/maquettes\/gestion-retraite\/wp-json\/wp\/v2\/posts\/2091\/revisions"}],"wp:featuredmedia":[{"embeddable":true,"href":"https:\/\/myagencyinside.com\/maquettes\/gestion-retraite\/wp-json\/wp\/v2\/media\/2092"}],"wp:attachment":[{"href":"https:\/\/myagencyinside.com\/maquettes\/gestion-retraite\/wp-json\/wp\/v2\/media?parent=2091"}],"wp:term":[{"taxonomy":"category","embeddable":true,"href":"https:\/\/myagencyinside.com\/maquettes\/gestion-retraite\/wp-json\/wp\/v2\/categories?post=2091"},{"taxonomy":"post_tag","embeddable":true,"href":"https:\/\/myagencyinside.com\/maquettes\/gestion-retraite\/wp-json\/wp\/v2\/tags?post=2091"}],"curies":[{"name":"wp","href":"https:\/\/api.w.org\/{rel}","templated":true}]}}