{"id":2095,"date":"2022-05-04T15:05:00","date_gmt":"2022-05-04T13:05:00","guid":{"rendered":"https:\/\/www.gestion-retraite.fr\/?p=2095"},"modified":"2022-05-04T15:05:00","modified_gmt":"2022-05-04T13:05:00","slug":"la-retraite-progressive-etendue-aux-salaries-en-forfait-jours","status":"publish","type":"post","link":"https:\/\/myagencyinside.com\/maquettes\/gestion-retraite\/2022\/05\/04\/la-retraite-progressive-etendue-aux-salaries-en-forfait-jours\/","title":{"rendered":"La retraite progressive \u00e9tendue aux salari\u00e9s en forfait jours"},"content":{"rendered":"\n<h3 class=\"wp-block-heading\">La retraite progressive permet de continuer \u00e0 travailler \u00e0 temps partiel et de commencer \u00e0 percevoir une partie de sa pension. Si votre dur\u00e9e de travail est fix\u00e9e en forfait jours, vous y avez d\u00e9sormais droit, comme les salari\u00e9s dont la dur\u00e9e est fix\u00e9e en heures, \u00e0 condition d&rsquo;avoir plus de 60 ans, et au moins 150 trimestres cotis\u00e9s.<\/h3>\n\n\n\n<div style=\"height:20px\" aria-hidden=\"true\" class=\"wp-block-spacer\"><\/div>\n\n\n\n<p>Ce dispositif est \u00e9galement pr\u00e9cis\u00e9 pour les salari\u00e9s dont le temps de travail ne peut \u00eatre d\u00e9fini, et pour les ind\u00e9pendants. La retraite progressive permet \u00e0 la fois de travailler \u00e0 temps partiel en continuant \u00e0 cotiser pour sa future pension, et de commencer \u00e0 percevoir une partie de celle-ci. Cet am\u00e9nagement \u00e9tait auparavant r\u00e9serv\u00e9 aux salari\u00e9s dont la dur\u00e9e de travail est compt\u00e9e en heures.<\/p>\n\n\n\n<p>Si votre temps de travail est fix\u00e9 par un forfait annuel compt\u00e9 en jours, dont le nombre est r\u00e9duit par rapport \u00e0 la dur\u00e9e maximum, vous y avez maintenant \u00e9galement droit \u00e0 condition de satisfaire aux deux autres conditions&nbsp;: avoir au moins 60&nbsp;ans et 150&nbsp;trimestres cotis\u00e9s. Cette extension a pris effet au 1<sup>er<\/sup>&nbsp;janvier&nbsp;2022, selon le principe \u00e9nonc\u00e9 \u00e0 l&rsquo;article&nbsp;110 de la loi de financement de la s\u00e9curit\u00e9 sociale pour&nbsp;2022, compl\u00e9t\u00e9 par un d\u00e9cret d&rsquo;application publi\u00e9 au <em>Journal officiel<\/em> du 27&nbsp;avril&nbsp;2022.<\/p>\n\n\n\n<p><strong>Lire la suite de l&rsquo;article sur <a href=\"https:\/\/www.service-public.fr\/particuliers\/actualites\/A15662\" target=\"_blank\" rel=\"noreferrer noopener\">Service-public.fr<\/a><\/strong><\/p>\n","protected":false},"excerpt":{"rendered":"<p>La retraite progressive permet de continuer \u00e0 travailler \u00e0 temps partiel et de commencer \u00e0 percevoir une partie de sa pension. <\/p>\n","protected":false},"author":1,"featured_media":2096,"comment_status":"closed","ping_status":"closed","sticky":false,"template":"","format":"standard","meta":{"footnotes":""},"categories":[24],"tags":[54,18,55,56],"class_list":["post-2095","post","type-post","status-publish","format-standard","has-post-thumbnail","hentry","category-nos-actus","tag-forfait-jour","tag-retraite","tag-retraite-progressive","tag-salaries"],"_links":{"self":[{"href":"https:\/\/myagencyinside.com\/maquettes\/gestion-retraite\/wp-json\/wp\/v2\/posts\/2095","targetHints":{"allow":["GET"]}}],"collection":[{"href":"https:\/\/myagencyinside.com\/maquettes\/gestion-retraite\/wp-json\/wp\/v2\/posts"}],"about":[{"href":"https:\/\/myagencyinside.com\/maquettes\/gestion-retraite\/wp-json\/wp\/v2\/types\/post"}],"author":[{"embeddable":true,"href":"https:\/\/myagencyinside.com\/maquettes\/gestion-retraite\/wp-json\/wp\/v2\/users\/1"}],"replies":[{"embeddable":true,"href":"https:\/\/myagencyinside.com\/maquettes\/gestion-retraite\/wp-json\/wp\/v2\/comments?post=2095"}],"version-history":[{"count":0,"href":"https:\/\/myagencyinside.com\/maquettes\/gestion-retraite\/wp-json\/wp\/v2\/posts\/2095\/revisions"}],"wp:featuredmedia":[{"embeddable":true,"href":"https:\/\/myagencyinside.com\/maquettes\/gestion-retraite\/wp-json\/wp\/v2\/media\/2096"}],"wp:attachment":[{"href":"https:\/\/myagencyinside.com\/maquettes\/gestion-retraite\/wp-json\/wp\/v2\/media?parent=2095"}],"wp:term":[{"taxonomy":"category","embeddable":true,"href":"https:\/\/myagencyinside.com\/maquettes\/gestion-retraite\/wp-json\/wp\/v2\/categories?post=2095"},{"taxonomy":"post_tag","embeddable":true,"href":"https:\/\/myagencyinside.com\/maquettes\/gestion-retraite\/wp-json\/wp\/v2\/tags?post=2095"}],"curies":[{"name":"wp","href":"https:\/\/api.w.org\/{rel}","templated":true}]}}