{"id":2152,"date":"2023-01-24T17:01:23","date_gmt":"2023-01-24T16:01:23","guid":{"rendered":"https:\/\/www.gestion-retraite.fr\/?p=2152"},"modified":"2023-01-24T17:01:23","modified_gmt":"2023-01-24T16:01:23","slug":"cumul-emploi-retraite-ce-qui-va-changer-avec-la-reforme-borne","status":"publish","type":"post","link":"https:\/\/myagencyinside.com\/maquettes\/gestion-retraite\/2023\/01\/24\/cumul-emploi-retraite-ce-qui-va-changer-avec-la-reforme-borne\/","title":{"rendered":"Cumul emploi-retraite : ce qui va changer avec la r\u00e9forme Borne &#8211; Les \u00c9chos"},"content":{"rendered":"<h2 class=\"blocx2 title-small color-txt-2\">Un article paru dans <strong>Les \u00c9chos<\/strong><\/h2>\n\n\n<hr class=\"wp-block-separator\"\/>\n\n\n\n<h3 class=\"wp-block-heading\">Le projet d\u00e9voil\u00e9 le 10 janvier pr\u00e9voit d&rsquo;assouplir les dispositifs de retraite progressive et de cumul emploi-retraite. Mais la possibilit\u00e9 d&rsquo;y acc\u00e9der sera d\u00e9cal\u00e9e, en m\u00eame temps que l&rsquo;\u00e2ge de d\u00e9part. Quelles seront les cons\u00e9quences concr\u00e8tes pour les retrait\u00e9s ?<\/h3>\n\n\n\n<p>Avec la r\u00e9forme de retraites, il faut s&rsquo;attendre \u00e0 des cons\u00e9quences en cascade. Cela va aussi changer la donne pour ceux qui souhaitent am\u00e9nager leur fin de carri\u00e8re. Tout comme l&rsquo;\u00e2ge de d\u00e9part \u00e0 la retraite, l&rsquo;acc\u00e8s aux dispositifs de cumul emploi-retraite et de retraite progressive va \u00eatre d\u00e9cal\u00e9.<\/p>\n\n\n\n<div style=\"height:20px\" aria-hidden=\"true\" class=\"wp-block-spacer\"><\/div>\n\n\n\n<div class=\"wp-block-buttons is-layout-flex wp-block-buttons-is-layout-flex\">\n<div class=\"wp-block-button is-style-fill\"><a class=\"wp-block-button__link has-strong-white-color has-text-color has-background no-border-radius\" href=\"https:\/\/myagencyinside.com\/maquettes\/gestion-retraite\/wp-content\/uploads\/2023\/01\/Article_LesEchos_20230113.pdf\" style=\"background-color:#853287\" target=\"_blank\" rel=\"noreferrer noopener\">Lire la suite de l&rsquo;article<\/a><\/div>\n<\/div>\n","protected":false},"excerpt":{"rendered":"<p>Le projet de\u0301voile\u0301 le 10 janvier pre\u0301voit d&rsquo;assouplir les dispositifs de retraite progressive et de cumul emploi-retraite. Mais la possibilite\u0301 d&rsquo;y acce\u0301der sera de\u0301cale\u0301e, en me\u0302me temps que l&rsquo;a\u0302ge de de\u0301part. Quelles seront les conse\u0301quences concre\u0300tes pour les retraite\u0301s ?<\/p>\n","protected":false},"author":1,"featured_media":2155,"comment_status":"closed","ping_status":"closed","sticky":false,"template":"","format":"standard","meta":{"footnotes":""},"categories":[17],"tags":[68,69,70,26,18,55],"class_list":["post-2152","post","type-post","status-publish","format-standard","has-post-thumbnail","hentry","category-presse","tag-cumul-emploi-retraite","tag-dispositifs-damenagement","tag-les-echos","tag-reforme","tag-retraite","tag-retraite-progressive"],"_links":{"self":[{"href":"https:\/\/myagencyinside.com\/maquettes\/gestion-retraite\/wp-json\/wp\/v2\/posts\/2152","targetHints":{"allow":["GET"]}}],"collection":[{"href":"https:\/\/myagencyinside.com\/maquettes\/gestion-retraite\/wp-json\/wp\/v2\/posts"}],"about":[{"href":"https:\/\/myagencyinside.com\/maquettes\/gestion-retraite\/wp-json\/wp\/v2\/types\/post"}],"author":[{"embeddable":true,"href":"https:\/\/myagencyinside.com\/maquettes\/gestion-retraite\/wp-json\/wp\/v2\/users\/1"}],"replies":[{"embeddable":true,"href":"https:\/\/myagencyinside.com\/maquettes\/gestion-retraite\/wp-json\/wp\/v2\/comments?post=2152"}],"version-history":[{"count":0,"href":"https:\/\/myagencyinside.com\/maquettes\/gestion-retraite\/wp-json\/wp\/v2\/posts\/2152\/revisions"}],"wp:featuredmedia":[{"embeddable":true,"href":"https:\/\/myagencyinside.com\/maquettes\/gestion-retraite\/wp-json\/wp\/v2\/media\/2155"}],"wp:attachment":[{"href":"https:\/\/myagencyinside.com\/maquettes\/gestion-retraite\/wp-json\/wp\/v2\/media?parent=2152"}],"wp:term":[{"taxonomy":"category","embeddable":true,"href":"https:\/\/myagencyinside.com\/maquettes\/gestion-retraite\/wp-json\/wp\/v2\/categories?post=2152"},{"taxonomy":"post_tag","embeddable":true,"href":"https:\/\/myagencyinside.com\/maquettes\/gestion-retraite\/wp-json\/wp\/v2\/tags?post=2152"}],"curies":[{"name":"wp","href":"https:\/\/api.w.org\/{rel}","templated":true}]}}