{"id":2177,"date":"2023-02-08T11:50:54","date_gmt":"2023-02-08T10:50:54","guid":{"rendered":"https:\/\/www.gestion-retraite.fr\/?p=2177"},"modified":"2023-02-08T11:50:54","modified_gmt":"2023-02-08T10:50:54","slug":"reforme-des-retraites-les-femmes-avec-enfants-vraiment-toutes-perdantes","status":"publish","type":"post","link":"https:\/\/myagencyinside.com\/maquettes\/gestion-retraite\/2023\/02\/08\/reforme-des-retraites-les-femmes-avec-enfants-vraiment-toutes-perdantes\/","title":{"rendered":"R\u00e9forme des retraites : les femmes avec enfants vraiment toutes perdantes ? &#8211; CAPITAL"},"content":{"rendered":"\n<h2 class=\"wp-block-heading\">Un article paru dans <strong>Capital<\/strong><\/h2>\n\n\n\n<hr class=\"wp-block-separator\"\/>\n\n\n\n<h3 class=\"wp-block-heading\">Le d\u00e9bat continue de faire rage. Parmi les victimes de la r\u00e9forme des retraites, les femmes avec enfants arriveraient en premi\u00e8re ligne. S&rsquo;il est difficile de faire un classement des perdants, voici, exemples \u00e0 l&rsquo;appui, pourquoi de nombreuses femmes seraient p\u00e9nalis\u00e9es.<\/h3>\n\n\n\n<p>Les femmes, grandes perdantes de la r\u00e9forme des retraites ? Ce constat a \u00e9t\u00e9 repris \u00e0 de multiples occasions, depuis la pr\u00e9sentation de la r\u00e9forme le 10 janvier dernier. Alors que le gouvernement tentait d&rsquo;\u00e9teindre l&rsquo;incendie sur cette question, le ministre des relations avec le Parlement, Franck Riester, a lui-m\u00eame avou\u00e9, sur BFMTV le 23 janvier dernier, que \u00ab\u00a0si vous reportez l&rsquo;\u00e2ge l\u00e9gal \u00e0 64 ans, \u00e9videmment elles (les femmes) sont un peu p\u00e9nalis\u00e9es.\u00a0\u00bb<\/p>\n\n\n\n<div style=\"height:20px\" aria-hidden=\"true\" class=\"wp-block-spacer\"><\/div>\n\n\n\n<div class=\"wp-block-buttons is-layout-flex wp-block-buttons-is-layout-flex\">\n<div class=\"wp-block-button\"><a class=\"wp-block-button__link has-strong-white-color has-text-color has-background no-border-radius\" href=\"https:\/\/www.capital.fr\/votre-retraite\/reforme-des-retraites-les-femmes-avec-enfants-vraiment-toutes-perdantes-1459627\" style=\"background-color:#853287\" target=\"_blank\" rel=\"noreferrer noopener\">Lire la suite de l&rsquo;article<\/a><\/div>\n<\/div>\n","protected":false},"excerpt":{"rendered":"<p>Nathalie BADAIRE prend la parole dans un article de Capitale consacr\u00e9 au statut \u00e9conomique des femmes dans la r\u00e9forme des retraites.<\/p>\n","protected":false},"author":1,"featured_media":2180,"comment_status":"closed","ping_status":"closed","sticky":false,"template":"","format":"standard","meta":{"footnotes":""},"categories":[17],"tags":[71,72,73,26,18],"class_list":["post-2177","post","type-post","status-publish","format-standard","has-post-thumbnail","hentry","category-presse","tag-enfants","tag-femmes","tag-impact","tag-reforme","tag-retraite"],"_links":{"self":[{"href":"https:\/\/myagencyinside.com\/maquettes\/gestion-retraite\/wp-json\/wp\/v2\/posts\/2177","targetHints":{"allow":["GET"]}}],"collection":[{"href":"https:\/\/myagencyinside.com\/maquettes\/gestion-retraite\/wp-json\/wp\/v2\/posts"}],"about":[{"href":"https:\/\/myagencyinside.com\/maquettes\/gestion-retraite\/wp-json\/wp\/v2\/types\/post"}],"author":[{"embeddable":true,"href":"https:\/\/myagencyinside.com\/maquettes\/gestion-retraite\/wp-json\/wp\/v2\/users\/1"}],"replies":[{"embeddable":true,"href":"https:\/\/myagencyinside.com\/maquettes\/gestion-retraite\/wp-json\/wp\/v2\/comments?post=2177"}],"version-history":[{"count":0,"href":"https:\/\/myagencyinside.com\/maquettes\/gestion-retraite\/wp-json\/wp\/v2\/posts\/2177\/revisions"}],"wp:featuredmedia":[{"embeddable":true,"href":"https:\/\/myagencyinside.com\/maquettes\/gestion-retraite\/wp-json\/wp\/v2\/media\/2180"}],"wp:attachment":[{"href":"https:\/\/myagencyinside.com\/maquettes\/gestion-retraite\/wp-json\/wp\/v2\/media?parent=2177"}],"wp:term":[{"taxonomy":"category","embeddable":true,"href":"https:\/\/myagencyinside.com\/maquettes\/gestion-retraite\/wp-json\/wp\/v2\/categories?post=2177"},{"taxonomy":"post_tag","embeddable":true,"href":"https:\/\/myagencyinside.com\/maquettes\/gestion-retraite\/wp-json\/wp\/v2\/tags?post=2177"}],"curies":[{"name":"wp","href":"https:\/\/api.w.org\/{rel}","templated":true}]}}