{"id":2240,"date":"2023-02-28T18:23:37","date_gmt":"2023-02-28T17:23:37","guid":{"rendered":"https:\/\/www.gestion-retraite.fr\/?p=2240"},"modified":"2023-02-28T18:23:37","modified_gmt":"2023-02-28T17:23:37","slug":"le-calcul-de-votre-retraite-est-errone-sud-radio","status":"publish","type":"post","link":"https:\/\/myagencyinside.com\/maquettes\/gestion-retraite\/2023\/02\/28\/le-calcul-de-votre-retraite-est-errone-sud-radio\/","title":{"rendered":"Le calcul de votre retraite est erron\u00e9 ! &#8211; SUD RADIO"},"content":{"rendered":"\n<h2 class=\"wp-block-heading\">Un podcast de <strong><a href=\"https:\/\/www.youtube.com\/@SudRadioOfficiel\" target=\"_blank\" rel=\"noreferrer noopener\">Sud Radio<\/a><\/strong><\/h2>\n\n\n\n<hr class=\"wp-block-separator\"\/>\n\n\n\n<h3 class=\"wp-block-heading\">L&rsquo;\u00e9mission Y&rsquo;a pas d&rsquo;\u00e2ge revient sur les erreurs constat\u00e9es dans le calcul des droits \u00e0 la retraite, beaucoup trop fr\u00e9quentes. Nathalie BADAIRE partage son regard expert entre 8min40 et 14min.<\/h3>\n\n\n\n<div style=\"height:20px\" aria-hidden=\"true\" class=\"wp-block-spacer\"><\/div>\n\n\n\n<div class=\"wp-block-buttons is-layout-flex wp-block-buttons-is-layout-flex\">\n<div class=\"wp-block-button\"><a class=\"wp-block-button__link has-strong-white-color has-text-color has-background no-border-radius\" href=\"https:\/\/www.youtube.com\/watch?v=ok0UGg30CY4\" style=\"background-color:#853287\" target=\"_blank\" rel=\"noreferrer noopener\">\u00c9coutez l&rsquo;\u00e9mission<\/a><\/div>\n<\/div>\n","protected":false},"excerpt":{"rendered":"<p>L&rsquo;\u00e9mission Y&rsquo;a pas d&rsquo;\u00e2ge revient sur les erreurs constat\u00e9es dans le calcul des droits \u00e0 la retraite, beaucoup trop fr\u00e9quentes. Nathalie BADAIRE partage son regard expert de 8min40 jusqu&rsquo;\u00e0 14min.<\/p>\n","protected":false},"author":1,"featured_media":2243,"comment_status":"closed","ping_status":"closed","sticky":false,"template":"","format":"standard","meta":{"footnotes":""},"categories":[17],"tags":[79,19,66,76,77,18],"class_list":["post-2240","post","type-post","status-publish","format-standard","has-post-thumbnail","hentry","category-presse","tag-calcul","tag-conseils","tag-erreur","tag-presse","tag-radio","tag-retraite"],"_links":{"self":[{"href":"https:\/\/myagencyinside.com\/maquettes\/gestion-retraite\/wp-json\/wp\/v2\/posts\/2240","targetHints":{"allow":["GET"]}}],"collection":[{"href":"https:\/\/myagencyinside.com\/maquettes\/gestion-retraite\/wp-json\/wp\/v2\/posts"}],"about":[{"href":"https:\/\/myagencyinside.com\/maquettes\/gestion-retraite\/wp-json\/wp\/v2\/types\/post"}],"author":[{"embeddable":true,"href":"https:\/\/myagencyinside.com\/maquettes\/gestion-retraite\/wp-json\/wp\/v2\/users\/1"}],"replies":[{"embeddable":true,"href":"https:\/\/myagencyinside.com\/maquettes\/gestion-retraite\/wp-json\/wp\/v2\/comments?post=2240"}],"version-history":[{"count":0,"href":"https:\/\/myagencyinside.com\/maquettes\/gestion-retraite\/wp-json\/wp\/v2\/posts\/2240\/revisions"}],"wp:featuredmedia":[{"embeddable":true,"href":"https:\/\/myagencyinside.com\/maquettes\/gestion-retraite\/wp-json\/wp\/v2\/media\/2243"}],"wp:attachment":[{"href":"https:\/\/myagencyinside.com\/maquettes\/gestion-retraite\/wp-json\/wp\/v2\/media?parent=2240"}],"wp:term":[{"taxonomy":"category","embeddable":true,"href":"https:\/\/myagencyinside.com\/maquettes\/gestion-retraite\/wp-json\/wp\/v2\/categories?post=2240"},{"taxonomy":"post_tag","embeddable":true,"href":"https:\/\/myagencyinside.com\/maquettes\/gestion-retraite\/wp-json\/wp\/v2\/tags?post=2240"}],"curies":[{"name":"wp","href":"https:\/\/api.w.org\/{rel}","templated":true}]}}