{"id":2251,"date":"2023-03-10T18:37:02","date_gmt":"2023-03-10T17:37:02","guid":{"rendered":"https:\/\/www.gestion-retraite.fr\/?p=2251"},"modified":"2023-03-10T18:37:02","modified_gmt":"2023-03-10T17:37:02","slug":"surcote-pour-la-retraite-des-meres-de-famille-quel-gain-selon-votre-profil-capital","status":"publish","type":"post","link":"https:\/\/myagencyinside.com\/maquettes\/gestion-retraite\/2023\/03\/10\/surcote-pour-la-retraite-des-meres-de-famille-quel-gain-selon-votre-profil-capital\/","title":{"rendered":"Surcote pour la retraite des m\u00e8res de famille : quel gain selon votre profil ? &#8211; CAPITAL"},"content":{"rendered":"\n<h2 class=\"wp-block-heading\">Un article de <strong><a href=\"https:\/\/www.capital.fr\/\" target=\"_blank\" rel=\"noreferrer noopener\">Capital<\/a><\/strong> <\/h2>\n\n\n\n<hr class=\"wp-block-separator\"\/>\n\n\n\n<h3 class=\"wp-block-heading\"><strong>SIMULATIONS &#8211; Les m\u00e8res de famille pourront b\u00e9n\u00e9ficier d\u2019une revalorisation de leur pension, en cas de report de l\u2019\u00e2ge de d\u00e9part \u00e0 la retraite de 62 \u00e0 64 ans. Voici ce qu\u2019elles obtiendront en fonction de leur pension.<\/strong><\/h3>\n\n\n\n<p>Nathalie BADAIRE partage son analyse et livre quelques pr\u00e9cieux conseils.<\/p>\n\n\n\n<div style=\"height:20px\" aria-hidden=\"true\" class=\"wp-block-spacer\"><\/div>\n\n\n\n<div class=\"wp-block-buttons is-layout-flex wp-block-buttons-is-layout-flex\">\n<div class=\"wp-block-button\"><a class=\"wp-block-button__link has-strong-white-color has-text-color has-background no-border-radius\" href=\"https:\/\/www.capital.fr\/votre-retraite\/surcote-pour-la-retraite-des-meres-de-famille-quel-gain-selon-votre-profil-1462688\" style=\"background-color:#853287\" target=\"_blank\" rel=\"noreferrer noopener\">Lire l&rsquo;article<\/a><\/div>\n<\/div>\n","protected":false},"excerpt":{"rendered":"<p>SIMULATIONS &#8211; Les m\u00e8res de famille pourront b\u00e9n\u00e9ficier d\u2019une revalorisation de leur pension, en cas de report de l\u2019\u00e2ge de d\u00e9part \u00e0 la retraite de 62 \u00e0 64 ans. Voici ce qu\u2019elles obtiendront en fonction de leur pension.<\/p>\n","protected":false},"author":1,"featured_media":2254,"comment_status":"closed","ping_status":"closed","sticky":false,"template":"","format":"standard","meta":{"footnotes":""},"categories":[17],"tags":[19,81,82,76,18,83],"class_list":["post-2251","post","type-post","status-publish","format-standard","has-post-thumbnail","hentry","category-presse","tag-conseils","tag-medias","tag-mere-de-famille","tag-presse","tag-retraite","tag-surcote"],"_links":{"self":[{"href":"https:\/\/myagencyinside.com\/maquettes\/gestion-retraite\/wp-json\/wp\/v2\/posts\/2251","targetHints":{"allow":["GET"]}}],"collection":[{"href":"https:\/\/myagencyinside.com\/maquettes\/gestion-retraite\/wp-json\/wp\/v2\/posts"}],"about":[{"href":"https:\/\/myagencyinside.com\/maquettes\/gestion-retraite\/wp-json\/wp\/v2\/types\/post"}],"author":[{"embeddable":true,"href":"https:\/\/myagencyinside.com\/maquettes\/gestion-retraite\/wp-json\/wp\/v2\/users\/1"}],"replies":[{"embeddable":true,"href":"https:\/\/myagencyinside.com\/maquettes\/gestion-retraite\/wp-json\/wp\/v2\/comments?post=2251"}],"version-history":[{"count":0,"href":"https:\/\/myagencyinside.com\/maquettes\/gestion-retraite\/wp-json\/wp\/v2\/posts\/2251\/revisions"}],"wp:featuredmedia":[{"embeddable":true,"href":"https:\/\/myagencyinside.com\/maquettes\/gestion-retraite\/wp-json\/wp\/v2\/media\/2254"}],"wp:attachment":[{"href":"https:\/\/myagencyinside.com\/maquettes\/gestion-retraite\/wp-json\/wp\/v2\/media?parent=2251"}],"wp:term":[{"taxonomy":"category","embeddable":true,"href":"https:\/\/myagencyinside.com\/maquettes\/gestion-retraite\/wp-json\/wp\/v2\/categories?post=2251"},{"taxonomy":"post_tag","embeddable":true,"href":"https:\/\/myagencyinside.com\/maquettes\/gestion-retraite\/wp-json\/wp\/v2\/tags?post=2251"}],"curies":[{"name":"wp","href":"https:\/\/api.w.org\/{rel}","templated":true}]}}