{"id":2325,"date":"2023-05-10T10:20:00","date_gmt":"2023-05-10T08:20:00","guid":{"rendered":"https:\/\/www.gestion-retraite.fr\/?p=2325"},"modified":"2023-05-10T10:20:00","modified_gmt":"2023-05-10T08:20:00","slug":"que-faire-si-vous-ne-pouvez-plus-partir-a-la-retraite-le-1er-septembre-2023-capital","status":"publish","type":"post","link":"https:\/\/myagencyinside.com\/maquettes\/gestion-retraite\/2023\/05\/10\/que-faire-si-vous-ne-pouvez-plus-partir-a-la-retraite-le-1er-septembre-2023-capital\/","title":{"rendered":"Que faire si vous ne pouvez plus partir \u00e0 la retraite le 1er septembre 2023 ? &#8211; CAPITAL"},"content":{"rendered":"\n<h2 class=\"wp-block-heading\">Un article de <strong><a href=\"https:\/\/www.capital.fr\/\" target=\"_blank\" rel=\"noreferrer noopener\">CAPITAL<\/a><\/strong><\/h2>\n\n\n\n<hr class=\"wp-block-separator\"\/>\n\n\n\n<h3 class=\"wp-block-heading\">La premi\u00e8re g\u00e9n\u00e9ration concern\u00e9e par la r\u00e9forme des retraites est celle n\u00e9e \u00e0 partir du 1er septembre 1961. Si parmi cette cohorte, certains ont d\u00e9j\u00e0 d\u00e9pos\u00e9 leur demande de retraite, ils devront faire machine arri\u00e8re. Nathalie BADAIRE apporte des \u00e9clairages pour guider les bonnes d\u00e9cisions.<\/h3>\n\n\n\n<div style=\"height:20px\" aria-hidden=\"true\" class=\"wp-block-spacer\"><\/div>\n\n\n\n<div class=\"wp-block-buttons is-layout-flex wp-block-buttons-is-layout-flex\">\n<div class=\"wp-block-button\"><a class=\"wp-block-button__link has-strong-white-color has-text-color has-background no-border-radius\" href=\"https:\/\/myagencyinside.com\/maquettes\/gestion-retraite\/wp-content\/uploads\/2023\/05\/Que-faire-si-vous-ne-pouvez-plus-partir-a%CC%80-la-retraite-le-1er-septembre-2023-_-Capital.fr_.pdf\" style=\"background-color:#853287\" target=\"_blank\" rel=\"noreferrer noopener\">Lire l&rsquo;article<\/a><\/div>\n<\/div>\n","protected":false},"excerpt":{"rendered":"<p>Un article de CAPITAL La premi\u00e8re g\u00e9n\u00e9ration concern\u00e9e par la r\u00e9forme des retraites est celle n\u00e9e \u00e0 partir du 1er septembre 1961. Si parmi cette cohorte, certains ont d\u00e9j\u00e0 d\u00e9pos\u00e9 leur demande de retraite, ils devront faire machine arri\u00e8re. Nathalie BADAIRE apporte des \u00e9clairages pour guider les bonnes d\u00e9cisions.<\/p>\n","protected":false},"author":1,"featured_media":2328,"comment_status":"closed","ping_status":"closed","sticky":false,"template":"","format":"standard","meta":{"footnotes":""},"categories":[17],"tags":[87,74,88,26,18],"class_list":["post-2325","post","type-post","status-publish","format-standard","has-post-thumbnail","hentry","category-presse","tag-analyse","tag-conseil","tag-expertie","tag-reforme","tag-retraite"],"_links":{"self":[{"href":"https:\/\/myagencyinside.com\/maquettes\/gestion-retraite\/wp-json\/wp\/v2\/posts\/2325","targetHints":{"allow":["GET"]}}],"collection":[{"href":"https:\/\/myagencyinside.com\/maquettes\/gestion-retraite\/wp-json\/wp\/v2\/posts"}],"about":[{"href":"https:\/\/myagencyinside.com\/maquettes\/gestion-retraite\/wp-json\/wp\/v2\/types\/post"}],"author":[{"embeddable":true,"href":"https:\/\/myagencyinside.com\/maquettes\/gestion-retraite\/wp-json\/wp\/v2\/users\/1"}],"replies":[{"embeddable":true,"href":"https:\/\/myagencyinside.com\/maquettes\/gestion-retraite\/wp-json\/wp\/v2\/comments?post=2325"}],"version-history":[{"count":0,"href":"https:\/\/myagencyinside.com\/maquettes\/gestion-retraite\/wp-json\/wp\/v2\/posts\/2325\/revisions"}],"wp:featuredmedia":[{"embeddable":true,"href":"https:\/\/myagencyinside.com\/maquettes\/gestion-retraite\/wp-json\/wp\/v2\/media\/2328"}],"wp:attachment":[{"href":"https:\/\/myagencyinside.com\/maquettes\/gestion-retraite\/wp-json\/wp\/v2\/media?parent=2325"}],"wp:term":[{"taxonomy":"category","embeddable":true,"href":"https:\/\/myagencyinside.com\/maquettes\/gestion-retraite\/wp-json\/wp\/v2\/categories?post=2325"},{"taxonomy":"post_tag","embeddable":true,"href":"https:\/\/myagencyinside.com\/maquettes\/gestion-retraite\/wp-json\/wp\/v2\/tags?post=2325"}],"curies":[{"name":"wp","href":"https:\/\/api.w.org\/{rel}","templated":true}]}}