{"id":241,"date":"2020-11-13T11:25:56","date_gmt":"2020-11-13T10:25:56","guid":{"rendered":"http:\/\/wp2.commonsupport.com\/newwp\/advice\/?p=241"},"modified":"2020-11-13T11:25:56","modified_gmt":"2020-11-13T10:25:56","slug":"le-point-sur-la-reforme-des-retraites","status":"publish","type":"post","link":"https:\/\/myagencyinside.com\/maquettes\/gestion-retraite\/2020\/11\/13\/le-point-sur-la-reforme-des-retraites\/","title":{"rendered":"R\u00e9forme des retraites : o\u00f9 en est-on ?"},"content":{"rendered":"\n<h3 class=\"wp-block-heading\">Depuis la d\u00e9mission de Jean-Paul Delevoye, ex-haut-commissaire aux retraites du gouvernement d&rsquo;Edouard Philippe en d\u00e9cembre 2019, les obstacles s&rsquo;accumulent sur la route de la r\u00e9forme.<\/h3>\n\n\n\n<div style=\"height:20px\" aria-hidden=\"true\" class=\"wp-block-spacer\"><\/div>\n\n\n\n<p>La r\u00e9forme visant \u00e0 instaurer un syst\u00e8me universel de retraite fait l&rsquo;objet de deux projets de loi, vot\u00e9s en d\u00e9but d&rsquo;ann\u00e9e (via l&rsquo;article 49, alin\u00e9a 3 de la Constitution qui autorise l&rsquo;adoption d&rsquo;un texte sans vote des d\u00e9put\u00e9s) : un projet de loi ordinaire qui cr\u00e9e un syst\u00e8me unique en points, destin\u00e9 \u00e0 se substituer \u00e0 terme aux 42 r\u00e9gimes existants avec une p\u00e9riode de transition d&rsquo;une quinzaine d&rsquo;ann\u00e9es ; et un projet de loi \u00ab organique \u00bb qui instaure une \u00ab r\u00e8gle d&rsquo;or \u00bb de gestion de ce nouveau syst\u00e8me, imp\u00e9rativement \u00e0 l&rsquo;\u00e9quilibre sur cinq ans. Pour qu&rsquo;ils soient op\u00e9rationnels, ces textes n\u00e9cessitent l&rsquo;adoption d&rsquo;innombrables dispositions r\u00e9glementaires.<\/p>\n\n\n\n<div style=\"height:20px\" aria-hidden=\"true\" class=\"wp-block-spacer\"><\/div>\n\n\n\n<h4 class=\"wp-block-heading\"><strong>Lire la suite de l&rsquo;article sur <a rel=\"noopener noreferrer\" href=\"https:\/\/www.lesechos.fr\/patrimoine\/retraite\/reforme-des-retraites-ou-en-est-on-1264507\" target=\"_blank\">Lesechos.fr<\/a><\/strong><\/h4>\n","protected":false},"excerpt":{"rendered":"<p>Depuis la d\u00e9mission de Jean-Paul Delevoye, ex-haut-commissaire aux retraites du gouvernement d&rsquo;Edouard Philippe en d\u00e9cembre 2019, les obstacles s&rsquo;accumulent sur la route de la r\u00e9forme.<\/p>\n","protected":false},"author":1,"featured_media":1037,"comment_status":"closed","ping_status":"closed","sticky":false,"template":"","format":"standard","meta":{"footnotes":""},"categories":[24],"tags":[23,25,26,18],"class_list":["post-241","post","type-post","status-publish","format-standard","has-post-thumbnail","hentry","category-nos-actus","tag-debat","tag-polemique","tag-reforme","tag-retraite"],"_links":{"self":[{"href":"https:\/\/myagencyinside.com\/maquettes\/gestion-retraite\/wp-json\/wp\/v2\/posts\/241","targetHints":{"allow":["GET"]}}],"collection":[{"href":"https:\/\/myagencyinside.com\/maquettes\/gestion-retraite\/wp-json\/wp\/v2\/posts"}],"about":[{"href":"https:\/\/myagencyinside.com\/maquettes\/gestion-retraite\/wp-json\/wp\/v2\/types\/post"}],"author":[{"embeddable":true,"href":"https:\/\/myagencyinside.com\/maquettes\/gestion-retraite\/wp-json\/wp\/v2\/users\/1"}],"replies":[{"embeddable":true,"href":"https:\/\/myagencyinside.com\/maquettes\/gestion-retraite\/wp-json\/wp\/v2\/comments?post=241"}],"version-history":[{"count":0,"href":"https:\/\/myagencyinside.com\/maquettes\/gestion-retraite\/wp-json\/wp\/v2\/posts\/241\/revisions"}],"wp:featuredmedia":[{"embeddable":true,"href":"https:\/\/myagencyinside.com\/maquettes\/gestion-retraite\/wp-json\/"}],"wp:attachment":[{"href":"https:\/\/myagencyinside.com\/maquettes\/gestion-retraite\/wp-json\/wp\/v2\/media?parent=241"}],"wp:term":[{"taxonomy":"category","embeddable":true,"href":"https:\/\/myagencyinside.com\/maquettes\/gestion-retraite\/wp-json\/wp\/v2\/categories?post=241"},{"taxonomy":"post_tag","embeddable":true,"href":"https:\/\/myagencyinside.com\/maquettes\/gestion-retraite\/wp-json\/wp\/v2\/tags?post=241"}],"curies":[{"name":"wp","href":"https:\/\/api.w.org\/{rel}","templated":true}]}}