{"id":251,"date":"2015-12-22T11:29:51","date_gmt":"2015-12-22T10:29:51","guid":{"rendered":"http:\/\/wp2.commonsupport.com\/newwp\/advice\/?p=251"},"modified":"2015-12-22T11:29:51","modified_gmt":"2015-12-22T10:29:51","slug":"bfm-business","status":"publish","type":"post","link":"https:\/\/myagencyinside.com\/maquettes\/gestion-retraite\/2015\/12\/22\/bfm-business\/","title":{"rendered":"Les retraites dans le vert : finalement les efforts \u00e7a paie ? &#8211; BFM Business"},"content":{"rendered":"\n<h2 class=\"wp-block-heading\">Un article paru dans <strong>BFM Business<\/strong><\/h2>\n\n\n\n<hr class=\"wp-block-separator\"\/>\n\n\n\n<h3 class=\"wp-block-heading\">Pour cette nouvelle \u00e9mission des D\u00e9codeurs de l&rsquo;Info propos\u00e9e par BFM Business, Nathalie Badaire &#8211; fondatrice de NB Consulting et experte retraite &#8211; est interview\u00e9e sur les r\u00e9gimes compl\u00e9mentaires. Finalement, est-ce que ces efforts paient ?<\/h3>\n\n\n\n<div style=\"height:20px\" aria-hidden=\"true\" class=\"wp-block-spacer\"><\/div>\n\n\n\n<div class=\"wp-block-buttons is-layout-flex wp-block-buttons-is-layout-flex\">\n<div class=\"wp-block-button\"><a class=\"wp-block-button__link has-strong-white-color has-text-color has-background no-border-radius\" href=\"https:\/\/bfmbusiness.bfmtv.com\/mediaplayer\/video\/les-retraites-dans-le-vert-finalement-les-efforts-ca-paie-2409-642131.html\" style=\"background-color:#853287\" target=\"_blank\" rel=\"noreferrer noopener\">Voir toute l&rsquo;\u00e9mission<\/a><\/div>\n<\/div>\n","protected":false},"excerpt":{"rendered":"<p>Un article paru dans BFM Business Pour cette nouvelle \u00e9mission des D\u00e9codeurs de l&rsquo;Info propos\u00e9e par BFM Business, Nathalie Badaire &#8211; fondatrice de NB Consulting et experte retraite &#8211; est interview\u00e9e sur les r\u00e9gimes compl\u00e9mentaires. Finalement, est-ce que ces efforts paient ?<\/p>\n","protected":false},"author":1,"featured_media":767,"comment_status":"closed","ping_status":"closed","sticky":false,"template":"","format":"standard","meta":{"footnotes":""},"categories":[17],"tags":[27,15,28,18,29],"class_list":["post-251","post","type-post","status-publish","format-standard","has-post-thumbnail","hentry","category-presse","tag-business","tag-expertise","tag-regimes-complementaires","tag-retraite","tag-revenus"],"_links":{"self":[{"href":"https:\/\/myagencyinside.com\/maquettes\/gestion-retraite\/wp-json\/wp\/v2\/posts\/251","targetHints":{"allow":["GET"]}}],"collection":[{"href":"https:\/\/myagencyinside.com\/maquettes\/gestion-retraite\/wp-json\/wp\/v2\/posts"}],"about":[{"href":"https:\/\/myagencyinside.com\/maquettes\/gestion-retraite\/wp-json\/wp\/v2\/types\/post"}],"author":[{"embeddable":true,"href":"https:\/\/myagencyinside.com\/maquettes\/gestion-retraite\/wp-json\/wp\/v2\/users\/1"}],"replies":[{"embeddable":true,"href":"https:\/\/myagencyinside.com\/maquettes\/gestion-retraite\/wp-json\/wp\/v2\/comments?post=251"}],"version-history":[{"count":0,"href":"https:\/\/myagencyinside.com\/maquettes\/gestion-retraite\/wp-json\/wp\/v2\/posts\/251\/revisions"}],"wp:featuredmedia":[{"embeddable":true,"href":"https:\/\/myagencyinside.com\/maquettes\/gestion-retraite\/wp-json\/"}],"wp:attachment":[{"href":"https:\/\/myagencyinside.com\/maquettes\/gestion-retraite\/wp-json\/wp\/v2\/media?parent=251"}],"wp:term":[{"taxonomy":"category","embeddable":true,"href":"https:\/\/myagencyinside.com\/maquettes\/gestion-retraite\/wp-json\/wp\/v2\/categories?post=251"},{"taxonomy":"post_tag","embeddable":true,"href":"https:\/\/myagencyinside.com\/maquettes\/gestion-retraite\/wp-json\/wp\/v2\/tags?post=251"}],"curies":[{"name":"wp","href":"https:\/\/api.w.org\/{rel}","templated":true}]}}