{"id":253,"date":"2016-01-06T11:30:18","date_gmt":"2016-01-06T10:30:18","guid":{"rendered":"http:\/\/wp2.commonsupport.com\/newwp\/advice\/?p=253"},"modified":"2016-01-06T11:30:18","modified_gmt":"2016-01-06T10:30:18","slug":"telematin-retraite","status":"publish","type":"post","link":"https:\/\/myagencyinside.com\/maquettes\/gestion-retraite\/2016\/01\/06\/telematin-retraite\/","title":{"rendered":"Emploi &#8211; Retraite, Quand, Comment ? Combien ? &#8211; T\u00e9l\u00e9matin"},"content":{"rendered":"\n<h2 class=\"wp-block-heading\">Un article paru dans T\u00c9L\u00c9MATIN<\/h2>\n\n\n\n<hr class=\"wp-block-separator\"\/>\n\n\n\n<h3 class=\"wp-block-heading\">Est-ce que vous savez \u00e0 quel \u00e2ge vous allez partir en retraite ? Connaissez-vous le montant de votre pension ? Dans le cas contraire, il existe des r\u00e9unions d&rsquo;information anim\u00e9es par NB Consulting, en la personne de Nathalie Badaire.<\/h3>\n\n\n\n<div style=\"height:20px\" aria-hidden=\"true\" class=\"wp-block-spacer\"><\/div>\n\n\n\n<div class=\"wp-block-buttons is-layout-flex wp-block-buttons-is-layout-flex\">\n<div class=\"wp-block-button\"><a class=\"wp-block-button__link has-strong-white-color has-text-color has-background\" href=\"https:\/\/www.youtube.com\/watch?v=dfNYZ1bDX9Q&amp;feature=youtu.be\" style=\"border-radius:6px;background-color:#853287\" target=\"_blank\" rel=\"noreferrer noopener\">Lire la suite de l&rsquo;article<\/a><\/div>\n<\/div>\n","protected":false},"excerpt":{"rendered":"<p>Un article paru dans T\u00c9L\u00c9MATIN Est-ce que vous savez \u00e0 quel \u00e2ge vous allez partir en retraite ? Connaissez-vous le montant de votre pension ? Dans le cas contraire, il existe des r\u00e9unions d&rsquo;information anim\u00e9es par NB Consulting, en la personne de Nathalie Badaire.<\/p>\n","protected":false},"author":1,"featured_media":762,"comment_status":"closed","ping_status":"closed","sticky":false,"template":"","format":"standard","meta":{"footnotes":""},"categories":[17],"tags":[30,31,32,16,18],"class_list":["post-253","post","type-post","status-publish","format-standard","has-post-thumbnail","hentry","category-presse","tag-age-retraite","tag-calcul-retraite","tag-emploi","tag-optimisation","tag-retraite"],"_links":{"self":[{"href":"https:\/\/myagencyinside.com\/maquettes\/gestion-retraite\/wp-json\/wp\/v2\/posts\/253","targetHints":{"allow":["GET"]}}],"collection":[{"href":"https:\/\/myagencyinside.com\/maquettes\/gestion-retraite\/wp-json\/wp\/v2\/posts"}],"about":[{"href":"https:\/\/myagencyinside.com\/maquettes\/gestion-retraite\/wp-json\/wp\/v2\/types\/post"}],"author":[{"embeddable":true,"href":"https:\/\/myagencyinside.com\/maquettes\/gestion-retraite\/wp-json\/wp\/v2\/users\/1"}],"replies":[{"embeddable":true,"href":"https:\/\/myagencyinside.com\/maquettes\/gestion-retraite\/wp-json\/wp\/v2\/comments?post=253"}],"version-history":[{"count":0,"href":"https:\/\/myagencyinside.com\/maquettes\/gestion-retraite\/wp-json\/wp\/v2\/posts\/253\/revisions"}],"wp:featuredmedia":[{"embeddable":true,"href":"https:\/\/myagencyinside.com\/maquettes\/gestion-retraite\/wp-json\/"}],"wp:attachment":[{"href":"https:\/\/myagencyinside.com\/maquettes\/gestion-retraite\/wp-json\/wp\/v2\/media?parent=253"}],"wp:term":[{"taxonomy":"category","embeddable":true,"href":"https:\/\/myagencyinside.com\/maquettes\/gestion-retraite\/wp-json\/wp\/v2\/categories?post=253"},{"taxonomy":"post_tag","embeddable":true,"href":"https:\/\/myagencyinside.com\/maquettes\/gestion-retraite\/wp-json\/wp\/v2\/tags?post=253"}],"curies":[{"name":"wp","href":"https:\/\/api.w.org\/{rel}","templated":true}]}}