{"id":255,"date":"2016-01-19T11:30:47","date_gmt":"2016-01-19T10:30:47","guid":{"rendered":"http:\/\/wp2.commonsupport.com\/newwp\/advice\/?p=255"},"modified":"2016-01-19T11:30:47","modified_gmt":"2016-01-19T10:30:47","slug":"bfm-decodeurs-eco","status":"publish","type":"post","link":"https:\/\/myagencyinside.com\/maquettes\/gestion-retraite\/2016\/01\/19\/bfm-decodeurs-eco\/","title":{"rendered":"La France perd-elle son atout d\u00e9mographique ? &#8211; BFM Business"},"content":{"rendered":"\n<h2 class=\"wp-block-heading\">Un article paru dans <strong>BFM Business<\/strong><\/h2>\n\n\n\n<hr class=\"wp-block-separator\"\/>\n\n\n\n<h3 class=\"wp-block-heading\">Une \u00e9tude de l\u2019Insee, parue ce mardi, indique pourtant que 2015 d\u00e9roge \u00e0 la r\u00e8gle. L\u2019esp\u00e9rance de vie \u00e0 la naissance conna\u00eet une baisse notable de 0,3 an pour les femmes et 0,4 an pour les hommes par rapport \u00e0 2014. Le nombre de d\u00e9c\u00e8s est au plus haut depuis la Seconde guerre mondiale. 600.000 personnes se sont \u00e9teintes en 2015 en France, soit 41.000 de plus par rapport \u00e0 2014.<\/h3>\n\n\n\n<div style=\"height:20px\" aria-hidden=\"true\" class=\"wp-block-spacer\"><\/div>\n\n\n\n<div class=\"wp-block-buttons is-layout-flex wp-block-buttons-is-layout-flex\">\n<div class=\"wp-block-button\"><a class=\"wp-block-button__link has-strong-white-color has-text-color has-background no-border-radius\" href=\"https:\/\/bfmbusiness.bfmtv.com\/mediaplayer\/video\/la-france-perd-elle-son-atout-demographique-1901-738912.html\" style=\"background-color:#853287\" target=\"_blank\" rel=\"noreferrer noopener\">Lire la suite de l&rsquo;article<\/a><\/div>\n<\/div>\n","protected":false},"excerpt":{"rendered":"<p>Un article paru dans BFM Business Une \u00e9tude de l\u2019Insee, parue ce mardi, indique pourtant que 2015 d\u00e9roge \u00e0 la r\u00e8gle. L\u2019esp\u00e9rance de vie \u00e0 la naissance conna\u00eet une baisse notable de 0,3 an pour les femmes et 0,4 an pour les hommes par rapport \u00e0 2014. Le nombre de d\u00e9c\u00e8s est au plus haut depuis la Seconde guerre mondiale. 600.000 personnes se sont \u00e9teintes en 2015 en France, soit 41.000 de plus par rapport \u00e0 2014.<\/p>\n","protected":false},"author":1,"featured_media":758,"comment_status":"closed","ping_status":"closed","sticky":false,"template":"","format":"standard","meta":{"footnotes":""},"categories":[17],"tags":[33,34,18,35],"class_list":["post-255","post","type-post","status-publish","format-standard","has-post-thumbnail","hentry","category-presse","tag-demographie","tag-experts","tag-retraite","tag-vieillissement"],"_links":{"self":[{"href":"https:\/\/myagencyinside.com\/maquettes\/gestion-retraite\/wp-json\/wp\/v2\/posts\/255","targetHints":{"allow":["GET"]}}],"collection":[{"href":"https:\/\/myagencyinside.com\/maquettes\/gestion-retraite\/wp-json\/wp\/v2\/posts"}],"about":[{"href":"https:\/\/myagencyinside.com\/maquettes\/gestion-retraite\/wp-json\/wp\/v2\/types\/post"}],"author":[{"embeddable":true,"href":"https:\/\/myagencyinside.com\/maquettes\/gestion-retraite\/wp-json\/wp\/v2\/users\/1"}],"replies":[{"embeddable":true,"href":"https:\/\/myagencyinside.com\/maquettes\/gestion-retraite\/wp-json\/wp\/v2\/comments?post=255"}],"version-history":[{"count":0,"href":"https:\/\/myagencyinside.com\/maquettes\/gestion-retraite\/wp-json\/wp\/v2\/posts\/255\/revisions"}],"wp:featuredmedia":[{"embeddable":true,"href":"https:\/\/myagencyinside.com\/maquettes\/gestion-retraite\/wp-json\/"}],"wp:attachment":[{"href":"https:\/\/myagencyinside.com\/maquettes\/gestion-retraite\/wp-json\/wp\/v2\/media?parent=255"}],"wp:term":[{"taxonomy":"category","embeddable":true,"href":"https:\/\/myagencyinside.com\/maquettes\/gestion-retraite\/wp-json\/wp\/v2\/categories?post=255"},{"taxonomy":"post_tag","embeddable":true,"href":"https:\/\/myagencyinside.com\/maquettes\/gestion-retraite\/wp-json\/wp\/v2\/tags?post=255"}],"curies":[{"name":"wp","href":"https:\/\/api.w.org\/{rel}","templated":true}]}}