{"id":257,"date":"2016-08-22T11:31:06","date_gmt":"2016-08-22T09:31:06","guid":{"rendered":"http:\/\/wp2.commonsupport.com\/newwp\/advice\/?p=257"},"modified":"2016-08-22T11:31:06","modified_gmt":"2016-08-22T09:31:06","slug":"dossier-familial","status":"publish","type":"post","link":"https:\/\/myagencyinside.com\/maquettes\/gestion-retraite\/2016\/08\/22\/dossier-familial\/","title":{"rendered":"La retraite progressive favorise les salari\u00e9s \u00e0 temps partiel &#8211; Dossier familial"},"content":{"rendered":"\n<h2 class=\"wp-block-heading\">Un article paru dans <strong>DOSSIER FAMILIAL<\/strong><\/h2>\n\n\n\n<hr class=\"wp-block-separator\"\/>\n\n\n\n<h3 class=\"wp-block-heading\">Ce sont eux qui y ont le lus int\u00e9r\u00eat car ils ne subissent aucune perte de revenu. Une transition en douceur qui peut aussi int\u00e9resser tout assur\u00e9 \u00e2g\u00e9 d&rsquo;au moins 60 ans.<\/h3>\n\n\n\n<div style=\"height:20px\" aria-hidden=\"true\" class=\"wp-block-spacer\"><\/div>\n\n\n\n<div class=\"wp-block-buttons is-layout-flex wp-block-buttons-is-layout-flex\">\n<div class=\"wp-block-button\"><a class=\"wp-block-button__link has-strong-white-color has-text-color has-background no-border-radius\" href=\"https:\/\/www.mercipourlinfo.fr\/\" style=\"background-color:#853287\" target=\"_blank\" rel=\"noreferrer noopener\">Lire le suite de l&rsquo;article<\/a><\/div>\n<\/div>\n","protected":false},"excerpt":{"rendered":"<p>Un article paru dans DOSSIER FAMILIAL Ce sont eux qui y ont le lus int\u00e9r\u00eat car ils ne subissent aucune perte de revenu. Une transition en douceur qui peut aussi int\u00e9resser tout assur\u00e9 \u00e2g\u00e9 d&rsquo;au moins 60 ans.<\/p>\n","protected":false},"author":1,"featured_media":750,"comment_status":"closed","ping_status":"closed","sticky":false,"template":"","format":"standard","meta":{"footnotes":""},"categories":[17],"tags":[27,32,18,29],"class_list":["post-257","post","type-post","status-publish","format-standard","has-post-thumbnail","hentry","category-presse","tag-business","tag-emploi","tag-retraite","tag-revenus"],"_links":{"self":[{"href":"https:\/\/myagencyinside.com\/maquettes\/gestion-retraite\/wp-json\/wp\/v2\/posts\/257","targetHints":{"allow":["GET"]}}],"collection":[{"href":"https:\/\/myagencyinside.com\/maquettes\/gestion-retraite\/wp-json\/wp\/v2\/posts"}],"about":[{"href":"https:\/\/myagencyinside.com\/maquettes\/gestion-retraite\/wp-json\/wp\/v2\/types\/post"}],"author":[{"embeddable":true,"href":"https:\/\/myagencyinside.com\/maquettes\/gestion-retraite\/wp-json\/wp\/v2\/users\/1"}],"replies":[{"embeddable":true,"href":"https:\/\/myagencyinside.com\/maquettes\/gestion-retraite\/wp-json\/wp\/v2\/comments?post=257"}],"version-history":[{"count":0,"href":"https:\/\/myagencyinside.com\/maquettes\/gestion-retraite\/wp-json\/wp\/v2\/posts\/257\/revisions"}],"wp:featuredmedia":[{"embeddable":true,"href":"https:\/\/myagencyinside.com\/maquettes\/gestion-retraite\/wp-json\/wp\/v2\/media\/750"}],"wp:attachment":[{"href":"https:\/\/myagencyinside.com\/maquettes\/gestion-retraite\/wp-json\/wp\/v2\/media?parent=257"}],"wp:term":[{"taxonomy":"category","embeddable":true,"href":"https:\/\/myagencyinside.com\/maquettes\/gestion-retraite\/wp-json\/wp\/v2\/categories?post=257"},{"taxonomy":"post_tag","embeddable":true,"href":"https:\/\/myagencyinside.com\/maquettes\/gestion-retraite\/wp-json\/wp\/v2\/tags?post=257"}],"curies":[{"name":"wp","href":"https:\/\/api.w.org\/{rel}","templated":true}]}}