{"id":3020,"date":"2024-07-12T11:17:09","date_gmt":"2024-07-12T09:17:09","guid":{"rendered":"https:\/\/www.gestion-retraite.fr\/?p=3020"},"modified":"2024-07-12T11:17:09","modified_gmt":"2024-07-12T09:17:09","slug":"partir-a-la-retraite-bien-avant-64-ans-sud-radio","status":"publish","type":"post","link":"https:\/\/myagencyinside.com\/maquettes\/gestion-retraite\/2024\/07\/12\/partir-a-la-retraite-bien-avant-64-ans-sud-radio\/","title":{"rendered":"Partir \u00e0 la retraite bien avant 64 ans &#8211; SUD RADIO"},"content":{"rendered":"\n<h2 class=\"wp-block-heading\">Un podcast de <strong><a href=\"https:\/\/www.youtube.com\/@SudRadioOfficiel\" target=\"_blank\" rel=\"noreferrer noopener\">Sud Radio<\/a><\/strong><\/h2>\n\n\n\n<hr class=\"wp-block-separator\"\/>\n\n\n\n<h3 class=\"wp-block-heading\"><em>Ouvrez bien grand vos oreilles, vous allez pouvoir partir \u00e0 la retraite beaucoup plut\u00f4t que pr\u00e9vu et \u00e0 taux plein gr\u00e2ce \u00e0 des dispositifs, \u00e0 propos desquels l&rsquo;administration oublie de vous informer !<\/em> L&rsquo;\u00e9mission Y&rsquo;a pas d&rsquo;\u00e2ge revient sur la possibilit\u00e9 de partir \u00e0 la retraite bien avant 64 ans \u00e0 travers le regard expert de Nathalie BADAIRE, entre 1min44 et 12min55.<\/h3>\n\n\n\n<div style=\"height:20px\" aria-hidden=\"true\" class=\"wp-block-spacer\"><\/div>\n\n\n\n<div class=\"wp-block-buttons is-layout-flex wp-block-buttons-is-layout-flex\">\n<div class=\"wp-block-button\"><a class=\"wp-block-button__link has-strong-white-color has-text-color has-background no-border-radius\" href=\"https:\/\/www.sudradio.fr\/emission\/y-a-pas-dage-73\" style=\"background-color:#853287\" target=\"_blank\" rel=\"noreferrer noopener\">\u00c9coutez l&rsquo;\u00e9mission<\/a><\/div>\n<\/div>\n","protected":false},"excerpt":{"rendered":"<p>L&rsquo;\u00e9mission Y&rsquo;a pas d&rsquo;\u00e2ge revient sur l&rsquo;une des mesures phares de la r\u00e9forme de la rentr\u00e9e 2023 : la revalorisation tr\u00e8s relative du minimum retraite. Nathalie BADAIRE apporte son regard expert sur le sujet entre 0min57 et 5min48.<\/p>\n","protected":false},"author":1,"featured_media":3021,"comment_status":"closed","ping_status":"closed","sticky":false,"template":"","format":"standard","meta":{"footnotes":""},"categories":[17],"tags":[89,57,90,91,18,92],"class_list":["post-3020","post","type-post","status-publish","format-standard","has-post-thumbnail","hentry","category-presse","tag-decryptage-retraite","tag-depart-a-la-retraite","tag-dispositifs-caches","tag-podcast","tag-retraite","tag-sudradio"],"_links":{"self":[{"href":"https:\/\/myagencyinside.com\/maquettes\/gestion-retraite\/wp-json\/wp\/v2\/posts\/3020","targetHints":{"allow":["GET"]}}],"collection":[{"href":"https:\/\/myagencyinside.com\/maquettes\/gestion-retraite\/wp-json\/wp\/v2\/posts"}],"about":[{"href":"https:\/\/myagencyinside.com\/maquettes\/gestion-retraite\/wp-json\/wp\/v2\/types\/post"}],"author":[{"embeddable":true,"href":"https:\/\/myagencyinside.com\/maquettes\/gestion-retraite\/wp-json\/wp\/v2\/users\/1"}],"replies":[{"embeddable":true,"href":"https:\/\/myagencyinside.com\/maquettes\/gestion-retraite\/wp-json\/wp\/v2\/comments?post=3020"}],"version-history":[{"count":0,"href":"https:\/\/myagencyinside.com\/maquettes\/gestion-retraite\/wp-json\/wp\/v2\/posts\/3020\/revisions"}],"wp:featuredmedia":[{"embeddable":true,"href":"https:\/\/myagencyinside.com\/maquettes\/gestion-retraite\/wp-json\/wp\/v2\/media\/3021"}],"wp:attachment":[{"href":"https:\/\/myagencyinside.com\/maquettes\/gestion-retraite\/wp-json\/wp\/v2\/media?parent=3020"}],"wp:term":[{"taxonomy":"category","embeddable":true,"href":"https:\/\/myagencyinside.com\/maquettes\/gestion-retraite\/wp-json\/wp\/v2\/categories?post=3020"},{"taxonomy":"post_tag","embeddable":true,"href":"https:\/\/myagencyinside.com\/maquettes\/gestion-retraite\/wp-json\/wp\/v2\/tags?post=3020"}],"curies":[{"name":"wp","href":"https:\/\/api.w.org\/{rel}","templated":true}]}}