{"id":3249,"date":"2023-03-04T18:31:21","date_gmt":"2023-03-04T17:31:21","guid":{"rendered":"https:\/\/www.gestion-retraite.fr\/?p=2245"},"modified":"2023-03-04T18:31:21","modified_gmt":"2023-03-04T17:31:21","slug":"reforme-des-retraites-attention-aux-effets-de-bord-pour-les-expats-les-echos","status":"publish","type":"post","link":"https:\/\/myagencyinside.com\/maquettes\/gestion-retraite\/2023\/03\/04\/reforme-des-retraites-attention-aux-effets-de-bord-pour-les-expats-les-echos\/","title":{"rendered":"R\u00e9forme des retraites : attention aux effets de bord pour les expats &#8211; LES \u00c9CHOS"},"content":{"rendered":"\n<h2 class=\"wp-block-heading\">Un article des <strong><a href=\"https:\/\/www.lesechos.fr\/\" target=\"_blank\" rel=\"noreferrer noopener\">\u00c9chos<\/a><\/strong> <\/h2>\n\n\n\n<hr class=\"wp-block-separator\"\/>\n\n\n\n<h3 class=\"wp-block-heading\">Le report de l&rsquo;\u00e2ge de d\u00e9part concerne aussi les salari\u00e9s Fran\u00e7ais \u00e9tablis \u00e0 l&rsquo;\u00e9tranger. Quelles seront les cons\u00e9quences de la r\u00e9forme pour les expatri\u00e9s ? Seront-ils p\u00e9nalis\u00e9s comme l&rsquo;estiment certains de ses opposants ? Quelles sont les solutions pour am\u00e9liorer leurs droits ?<\/h3>\n\n\n\n<p>Nathalie BADAIRE partage son analyse et livre quelques pr\u00e9cieux conseils.<\/p>\n\n\n\n<div style=\"height:20px\" aria-hidden=\"true\" class=\"wp-block-spacer\"><\/div>\n\n\n\n<div class=\"wp-block-buttons is-layout-flex wp-block-buttons-is-layout-flex\">\n<div class=\"wp-block-button\"><a class=\"wp-block-button__link has-strong-white-color has-text-color has-background no-border-radius\" href=\"https:\/\/myagencyinside.com\/maquettes\/gestion-retraite\/wp-content\/uploads\/2023\/03\/Re%CC%81forme-des-retraites-attention-aux-effets-de-bord-pour-les-expats-_-Les-Echos-002.pdf\" style=\"background-color:#853287\" target=\"_blank\" rel=\"noreferrer noopener\">Lire l&rsquo;article<\/a><\/div>\n<\/div>\n","protected":false},"excerpt":{"rendered":"<p>Le report de l&rsquo;\u00e2ge de d\u00e9part concerne aussi les salari\u00e9s Fran\u00e7ais \u00e9tablis \u00e0 l&rsquo;\u00e9tranger. Quelles seront les cons\u00e9quences de la r\u00e9forme pour les expatri\u00e9s ? Seront-ils p\u00e9nalis\u00e9s comme l&rsquo;estiment certains de ses opposants ? Quelles sont les solutions pour am\u00e9liorer leurs droits ?<\/p>\n","protected":false},"author":1,"featured_media":2248,"comment_status":"closed","ping_status":"closed","sticky":false,"template":"","format":"standard","meta":{"footnotes":""},"categories":[17],"tags":[19,80,81,76,18],"class_list":["post-3249","post","type-post","status-publish","format-standard","has-post-thumbnail","hentry","category-presse","tag-conseils","tag-expatries","tag-medias","tag-presse","tag-retraite"],"_links":{"self":[{"href":"https:\/\/myagencyinside.com\/maquettes\/gestion-retraite\/wp-json\/wp\/v2\/posts\/3249","targetHints":{"allow":["GET"]}}],"collection":[{"href":"https:\/\/myagencyinside.com\/maquettes\/gestion-retraite\/wp-json\/wp\/v2\/posts"}],"about":[{"href":"https:\/\/myagencyinside.com\/maquettes\/gestion-retraite\/wp-json\/wp\/v2\/types\/post"}],"author":[{"embeddable":true,"href":"https:\/\/myagencyinside.com\/maquettes\/gestion-retraite\/wp-json\/wp\/v2\/users\/1"}],"replies":[{"embeddable":true,"href":"https:\/\/myagencyinside.com\/maquettes\/gestion-retraite\/wp-json\/wp\/v2\/comments?post=3249"}],"version-history":[{"count":0,"href":"https:\/\/myagencyinside.com\/maquettes\/gestion-retraite\/wp-json\/wp\/v2\/posts\/3249\/revisions"}],"wp:featuredmedia":[{"embeddable":true,"href":"https:\/\/myagencyinside.com\/maquettes\/gestion-retraite\/wp-json\/wp\/v2\/media\/2248"}],"wp:attachment":[{"href":"https:\/\/myagencyinside.com\/maquettes\/gestion-retraite\/wp-json\/wp\/v2\/media?parent=3249"}],"wp:term":[{"taxonomy":"category","embeddable":true,"href":"https:\/\/myagencyinside.com\/maquettes\/gestion-retraite\/wp-json\/wp\/v2\/categories?post=3249"},{"taxonomy":"post_tag","embeddable":true,"href":"https:\/\/myagencyinside.com\/maquettes\/gestion-retraite\/wp-json\/wp\/v2\/tags?post=3249"}],"curies":[{"name":"wp","href":"https:\/\/api.w.org\/{rel}","templated":true}]}}