{"id":6613,"date":"2026-01-21T10:30:39","date_gmt":"2026-01-21T09:30:39","guid":{"rendered":"https:\/\/myagencyinside.com\/maquettes\/gestion-retraite\/?p=6613"},"modified":"2026-04-21T10:49:51","modified_gmt":"2026-04-21T08:49:51","slug":"echange-avec-jean-loup-chiflet","status":"publish","type":"post","link":"https:\/\/myagencyinside.com\/maquettes\/gestion-retraite\/2026\/01\/21\/echange-avec-jean-loup-chiflet\/","title":{"rendered":"\u00c9change avec Jean-Loup Chiflet"},"content":{"rendered":"\t\t<div data-elementor-type=\"wp-post\" data-elementor-id=\"6613\" class=\"elementor elementor-6613\">\n\t\t\t\t<div class=\"elementor-element elementor-element-10a4fbc2 e-flex e-con-boxed wpr-particle-no wpr-jarallax-no wpr-parallax-no wpr-sticky-section-no wpr-equal-height-no e-con e-parent\" data-id=\"10a4fbc2\" data-element_type=\"container\" data-e-type=\"container\">\n\t\t\t\t\t<div class=\"e-con-inner\">\n\t\t\t\t<div class=\"elementor-element elementor-element-356ee044 elementor-widget__width-initial elementor-widget elementor-widget-text-editor\" data-id=\"356ee044\" data-element_type=\"widget\" data-e-type=\"widget\" data-widget_type=\"text-editor.default\">\n\t\t\t\t\t\t\t\t\t<p><\/p>\n<p>\u00c0 82 ans, Jean-Loup Chiflet dit n\u2019avoir jamais autant travaill\u00e9. Apr\u00e8s une carri\u00e8re dans le milieu de l\u2019\u00e9dition, du packaging et du livre, cet homme de lettres jubile. Depuis qu\u2019il a pris sa retraite il y a 20 ans, il ne s\u2019est jamais senti aussi libre d\u2019aller \u00e0 son rythme, d\u2019\u00e9crire comme \u00e7a lui chante, d\u2019\u00e9couter \u00e0 l\u2019envi France Culture et d\u2019\u00eatre lui-m\u00eame sans entrave.<\/p><div class=\"wp-block-buttons\"><p><\/p><\/div>\n<p><!-- \/wp:buttons --><!-- wp:paragraph --><\/p>\n<p><!-- \/wp:paragraph --><\/p>\t\t\t\t\t\t\t\t<\/div>\n\t\t\t\t\t<\/div>\n\t\t\t\t<\/div>\n\t\t<div class=\"elementor-element elementor-element-79317c4 e-flex e-con-boxed wpr-particle-no wpr-jarallax-no wpr-parallax-no wpr-sticky-section-no wpr-equal-height-no e-con e-parent\" data-id=\"79317c4\" data-element_type=\"container\" data-e-type=\"container\">\n\t\t\t\t\t<div class=\"e-con-inner\">\n\t\t\t\t<div class=\"elementor-element elementor-element-b3fea69 elementor-mobile-align-center elementor-widget elementor-widget-button\" data-id=\"b3fea69\" data-element_type=\"widget\" data-e-type=\"widget\" data-widget_type=\"button.default\">\n\t\t\t\t\t\t\t\t\t\t<a class=\"elementor-button elementor-button-link elementor-size-sm\" href=\"#\">\n\t\t\t\t\t\t<span class=\"elementor-button-content-wrapper\">\n\t\t\t\t\t\t\t\t\t<span class=\"elementor-button-text\">\u00c9coutez Jean-Loup<\/span>\n\t\t\t\t\t<\/span>\n\t\t\t\t\t<\/a>\n\t\t\t\t\t\t\t\t<\/div>\n\t\t\t\t\t<\/div>\n\t\t\t\t<\/div>\n\t\t\t\t<\/div>\n\t\t","protected":false},"excerpt":{"rendered":"<p>\u00c0 82 ans, Jean-Loup Chiflet dit n\u2019avoir jamais autant travaill\u00e9. Apr\u00e8s une carri\u00e8re dans le milieu de l\u2019\u00e9dition, du packaging et du livre, cet homme de lettres jubile. Depuis qu\u2019il a pris sa retraite il y a 20 ans, il ne s\u2019est jamais senti aussi libre d\u2019aller \u00e0 son rythme, d\u2019\u00e9crire comme \u00e7a lui chante, d\u2019\u00e9couter \u00e0 l\u2019envi France Culture et d\u2019\u00eatre lui-m\u00eame sans entrave. \u00c9coutez Jean-Loup<\/p>\n","protected":false},"author":1,"featured_media":6666,"comment_status":"closed","ping_status":"closed","sticky":false,"template":"","format":"standard","meta":{"footnotes":""},"categories":[100],"tags":[97,14,18,98],"class_list":["post-6613","post","type-post","status-publish","format-standard","has-post-thumbnail","hentry","category-podcast-bon-vent","tag-assurance-chomage","tag-cotisations","tag-retraite","tag-senior"],"_links":{"self":[{"href":"https:\/\/myagencyinside.com\/maquettes\/gestion-retraite\/wp-json\/wp\/v2\/posts\/6613","targetHints":{"allow":["GET"]}}],"collection":[{"href":"https:\/\/myagencyinside.com\/maquettes\/gestion-retraite\/wp-json\/wp\/v2\/posts"}],"about":[{"href":"https:\/\/myagencyinside.com\/maquettes\/gestion-retraite\/wp-json\/wp\/v2\/types\/post"}],"author":[{"embeddable":true,"href":"https:\/\/myagencyinside.com\/maquettes\/gestion-retraite\/wp-json\/wp\/v2\/users\/1"}],"replies":[{"embeddable":true,"href":"https:\/\/myagencyinside.com\/maquettes\/gestion-retraite\/wp-json\/wp\/v2\/comments?post=6613"}],"version-history":[{"count":11,"href":"https:\/\/myagencyinside.com\/maquettes\/gestion-retraite\/wp-json\/wp\/v2\/posts\/6613\/revisions"}],"predecessor-version":[{"id":6703,"href":"https:\/\/myagencyinside.com\/maquettes\/gestion-retraite\/wp-json\/wp\/v2\/posts\/6613\/revisions\/6703"}],"wp:featuredmedia":[{"embeddable":true,"href":"https:\/\/myagencyinside.com\/maquettes\/gestion-retraite\/wp-json\/wp\/v2\/media\/6666"}],"wp:attachment":[{"href":"https:\/\/myagencyinside.com\/maquettes\/gestion-retraite\/wp-json\/wp\/v2\/media?parent=6613"}],"wp:term":[{"taxonomy":"category","embeddable":true,"href":"https:\/\/myagencyinside.com\/maquettes\/gestion-retraite\/wp-json\/wp\/v2\/categories?post=6613"},{"taxonomy":"post_tag","embeddable":true,"href":"https:\/\/myagencyinside.com\/maquettes\/gestion-retraite\/wp-json\/wp\/v2\/tags?post=6613"}],"curies":[{"name":"wp","href":"https:\/\/api.w.org\/{rel}","templated":true}]}}