{"id":6678,"date":"2026-03-21T10:30:47","date_gmt":"2026-03-21T09:30:47","guid":{"rendered":"https:\/\/myagencyinside.com\/maquettes\/gestion-retraite\/?p=6678"},"modified":"2026-04-21T10:49:38","modified_gmt":"2026-04-21T08:49:38","slug":"echange-avec-olivier-legan","status":"publish","type":"post","link":"https:\/\/myagencyinside.com\/maquettes\/gestion-retraite\/2026\/03\/21\/echange-avec-olivier-legan\/","title":{"rendered":"\u00c9change avec Olivier Legan"},"content":{"rendered":"\t\t<div data-elementor-type=\"wp-post\" data-elementor-id=\"6678\" class=\"elementor elementor-6678\">\n\t\t\t\t<div class=\"elementor-element elementor-element-10a4fbc2 e-flex e-con-boxed wpr-particle-no wpr-jarallax-no wpr-parallax-no wpr-sticky-section-no wpr-equal-height-no e-con e-parent\" data-id=\"10a4fbc2\" data-element_type=\"container\" data-e-type=\"container\">\n\t\t\t\t\t<div class=\"e-con-inner\">\n\t\t\t\t<div class=\"elementor-element elementor-element-356ee044 elementor-widget__width-initial elementor-widget elementor-widget-text-editor\" data-id=\"356ee044\" data-element_type=\"widget\" data-e-type=\"widget\" data-widget_type=\"text-editor.default\">\n\t\t\t\t\t\t\t\t\t<p>\u00c0 62 ans, Olivier Legan s\u2019appr\u00eate \u00e0 partir \u00e0 la retraite. Et cette nouvelle le ravit. Pour ce r\u00e9alisateur et dessinateur qui a v\u00e9cu pendant plus de 30 ans les vicissitudes de l\u2019intermittence, cette seconde \u00e9tape de vie rime avec s\u00e9curit\u00e9. Au micro de BON VENT !, Olivier se confie avec humour sur le paradoxe de la retraite, mouroir et grande libert\u00e9 \u00e0 la fois.<\/p>\n<div class=\"wp-block-buttons\">\n<p><!-- \/wp:button --><\/p>\n<\/div>\n<p><!-- \/wp:buttons --><!-- wp:paragraph --><\/p>\n<p><!-- \/wp:paragraph --><\/p>\t\t\t\t\t\t\t\t<\/div>\n\t\t\t\t\t<\/div>\n\t\t\t\t<\/div>\n\t\t<div class=\"elementor-element elementor-element-79317c4 e-flex e-con-boxed wpr-particle-no wpr-jarallax-no wpr-parallax-no wpr-sticky-section-no wpr-equal-height-no e-con e-parent\" data-id=\"79317c4\" data-element_type=\"container\" data-e-type=\"container\">\n\t\t\t\t\t<div class=\"e-con-inner\">\n\t\t\t\t<div class=\"elementor-element elementor-element-b3fea69 elementor-mobile-align-center elementor-widget elementor-widget-button\" data-id=\"b3fea69\" data-element_type=\"widget\" data-e-type=\"widget\" data-widget_type=\"button.default\">\n\t\t\t\t\t\t\t\t\t\t<a class=\"elementor-button elementor-button-link elementor-size-sm\" href=\"#\">\n\t\t\t\t\t\t<span class=\"elementor-button-content-wrapper\">\n\t\t\t\t\t\t\t\t\t<span class=\"elementor-button-text\">\u00c9coutez Olivier<\/span>\n\t\t\t\t\t<\/span>\n\t\t\t\t\t<\/a>\n\t\t\t\t\t\t\t\t<\/div>\n\t\t\t\t\t<\/div>\n\t\t\t\t<\/div>\n\t\t\t\t<\/div>\n\t\t","protected":false},"excerpt":{"rendered":"<p>\u00c0 62 ans, Olivier Legan s\u2019appr\u00eate \u00e0 partir \u00e0 la retraite. Et cette nouvelle le ravit. Pour ce r\u00e9alisateur et dessinateur qui a v\u00e9cu pendant plus de 30 ans les vicissitudes de l\u2019intermittence, cette seconde \u00e9tape de vie rime avec s\u00e9curit\u00e9. Au micro de BON VENT !, Olivier se confie avec humour sur le paradoxe de la retraite, mouroir et grande libert\u00e9 \u00e0 la fois. \u00c9coutez Olivier<\/p>\n","protected":false},"author":1,"featured_media":6673,"comment_status":"closed","ping_status":"closed","sticky":false,"template":"","format":"standard","meta":{"footnotes":""},"categories":[100],"tags":[97,14,18,98],"class_list":["post-6678","post","type-post","status-publish","format-standard","has-post-thumbnail","hentry","category-podcast-bon-vent","tag-assurance-chomage","tag-cotisations","tag-retraite","tag-senior"],"_links":{"self":[{"href":"https:\/\/myagencyinside.com\/maquettes\/gestion-retraite\/wp-json\/wp\/v2\/posts\/6678","targetHints":{"allow":["GET"]}}],"collection":[{"href":"https:\/\/myagencyinside.com\/maquettes\/gestion-retraite\/wp-json\/wp\/v2\/posts"}],"about":[{"href":"https:\/\/myagencyinside.com\/maquettes\/gestion-retraite\/wp-json\/wp\/v2\/types\/post"}],"author":[{"embeddable":true,"href":"https:\/\/myagencyinside.com\/maquettes\/gestion-retraite\/wp-json\/wp\/v2\/users\/1"}],"replies":[{"embeddable":true,"href":"https:\/\/myagencyinside.com\/maquettes\/gestion-retraite\/wp-json\/wp\/v2\/comments?post=6678"}],"version-history":[{"count":6,"href":"https:\/\/myagencyinside.com\/maquettes\/gestion-retraite\/wp-json\/wp\/v2\/posts\/6678\/revisions"}],"predecessor-version":[{"id":6709,"href":"https:\/\/myagencyinside.com\/maquettes\/gestion-retraite\/wp-json\/wp\/v2\/posts\/6678\/revisions\/6709"}],"wp:featuredmedia":[{"embeddable":true,"href":"https:\/\/myagencyinside.com\/maquettes\/gestion-retraite\/wp-json\/wp\/v2\/media\/6673"}],"wp:attachment":[{"href":"https:\/\/myagencyinside.com\/maquettes\/gestion-retraite\/wp-json\/wp\/v2\/media?parent=6678"}],"wp:term":[{"taxonomy":"category","embeddable":true,"href":"https:\/\/myagencyinside.com\/maquettes\/gestion-retraite\/wp-json\/wp\/v2\/categories?post=6678"},{"taxonomy":"post_tag","embeddable":true,"href":"https:\/\/myagencyinside.com\/maquettes\/gestion-retraite\/wp-json\/wp\/v2\/tags?post=6678"}],"curies":[{"name":"wp","href":"https:\/\/api.w.org\/{rel}","templated":true}]}}