{"id":6688,"date":"2026-04-21T10:30:51","date_gmt":"2026-04-21T08:30:51","guid":{"rendered":"https:\/\/myagencyinside.com\/maquettes\/gestion-retraite\/?p=6688"},"modified":"2026-04-21T10:30:51","modified_gmt":"2026-04-21T08:30:51","slug":"echange-avec-didier-quilain","status":"publish","type":"post","link":"https:\/\/myagencyinside.com\/maquettes\/gestion-retraite\/2026\/04\/21\/echange-avec-didier-quilain\/","title":{"rendered":"\u00c9change avec Didier Quilain"},"content":{"rendered":"\t\t<div data-elementor-type=\"wp-post\" data-elementor-id=\"6688\" class=\"elementor elementor-6688\">\n\t\t\t\t<div class=\"elementor-element elementor-element-10a4fbc2 e-flex e-con-boxed wpr-particle-no wpr-jarallax-no wpr-parallax-no wpr-sticky-section-no wpr-equal-height-no e-con e-parent\" data-id=\"10a4fbc2\" data-element_type=\"container\" data-e-type=\"container\">\n\t\t\t\t\t<div class=\"e-con-inner\">\n\t\t\t\t<div class=\"elementor-element elementor-element-356ee044 elementor-widget__width-initial elementor-widget elementor-widget-text-editor\" data-id=\"356ee044\" data-element_type=\"widget\" data-e-type=\"widget\" data-widget_type=\"text-editor.default\">\n\t\t\t\t\t\t\t\t\t<p>Pour l\u2019\u00e9pisode pilote de BON VENT, Nathalie Badaire a interview\u00e9 Didier Quilain, un ancien client f\u00e9ru de photographie. Apr\u00e8s une pr\u00e9sidence de plus de 20 ans au sein d\u2019Olympus, Didier est parti \u00e0 la retraite en douceur. Une seconde partie de vie qui rime avec \u00ab s\u00e9r\u00e9nit\u00e9, amusement et projet \u00bb.<\/p>\n<div class=\"wp-block-buttons\">\n<p><!-- \/wp:button --><\/p>\n<\/div>\n<p><!-- \/wp:buttons --><!-- wp:paragraph --><\/p>\n<p><!-- \/wp:paragraph --><\/p>\t\t\t\t\t\t\t\t<\/div>\n\t\t\t\t\t<\/div>\n\t\t\t\t<\/div>\n\t\t<div class=\"elementor-element elementor-element-79317c4 e-flex e-con-boxed wpr-particle-no wpr-jarallax-no wpr-parallax-no wpr-sticky-section-no wpr-equal-height-no e-con e-parent\" data-id=\"79317c4\" data-element_type=\"container\" data-e-type=\"container\">\n\t\t\t\t\t<div class=\"e-con-inner\">\n\t\t\t\t<div class=\"elementor-element elementor-element-b3fea69 elementor-mobile-align-center elementor-widget elementor-widget-button\" data-id=\"b3fea69\" data-element_type=\"widget\" data-e-type=\"widget\" data-widget_type=\"button.default\">\n\t\t\t\t\t\t\t\t\t\t<a class=\"elementor-button elementor-button-link elementor-size-sm\" href=\"#\">\n\t\t\t\t\t\t<span class=\"elementor-button-content-wrapper\">\n\t\t\t\t\t\t\t\t\t<span class=\"elementor-button-text\">\u00c9coutez Didier<\/span>\n\t\t\t\t\t<\/span>\n\t\t\t\t\t<\/a>\n\t\t\t\t\t\t\t\t<\/div>\n\t\t\t\t\t<\/div>\n\t\t\t\t<\/div>\n\t\t\t\t<\/div>\n\t\t","protected":false},"excerpt":{"rendered":"<p>Pour l\u2019\u00e9pisode pilote de BON VENT, Nathalie Badaire a interview\u00e9 Didier Quilain, un ancien client f\u00e9ru de photographie. Apr\u00e8s une pr\u00e9sidence de plus de 20 ans au sein d\u2019Olympus, Didier est parti \u00e0 la retraite en douceur. Une seconde partie de vie qui rime avec \u00ab s\u00e9r\u00e9nit\u00e9, amusement et projet \u00bb. \u00c9coutez Didier<\/p>\n","protected":false},"author":1,"featured_media":6693,"comment_status":"closed","ping_status":"closed","sticky":false,"template":"","format":"standard","meta":{"footnotes":""},"categories":[100],"tags":[97,14,18,98],"class_list":["post-6688","post","type-post","status-publish","format-standard","has-post-thumbnail","hentry","category-podcast-bon-vent","tag-assurance-chomage","tag-cotisations","tag-retraite","tag-senior"],"_links":{"self":[{"href":"https:\/\/myagencyinside.com\/maquettes\/gestion-retraite\/wp-json\/wp\/v2\/posts\/6688","targetHints":{"allow":["GET"]}}],"collection":[{"href":"https:\/\/myagencyinside.com\/maquettes\/gestion-retraite\/wp-json\/wp\/v2\/posts"}],"about":[{"href":"https:\/\/myagencyinside.com\/maquettes\/gestion-retraite\/wp-json\/wp\/v2\/types\/post"}],"author":[{"embeddable":true,"href":"https:\/\/myagencyinside.com\/maquettes\/gestion-retraite\/wp-json\/wp\/v2\/users\/1"}],"replies":[{"embeddable":true,"href":"https:\/\/myagencyinside.com\/maquettes\/gestion-retraite\/wp-json\/wp\/v2\/comments?post=6688"}],"version-history":[{"count":8,"href":"https:\/\/myagencyinside.com\/maquettes\/gestion-retraite\/wp-json\/wp\/v2\/posts\/6688\/revisions"}],"predecessor-version":[{"id":6712,"href":"https:\/\/myagencyinside.com\/maquettes\/gestion-retraite\/wp-json\/wp\/v2\/posts\/6688\/revisions\/6712"}],"wp:featuredmedia":[{"embeddable":true,"href":"https:\/\/myagencyinside.com\/maquettes\/gestion-retraite\/wp-json\/wp\/v2\/media\/6693"}],"wp:attachment":[{"href":"https:\/\/myagencyinside.com\/maquettes\/gestion-retraite\/wp-json\/wp\/v2\/media?parent=6688"}],"wp:term":[{"taxonomy":"category","embeddable":true,"href":"https:\/\/myagencyinside.com\/maquettes\/gestion-retraite\/wp-json\/wp\/v2\/categories?post=6688"},{"taxonomy":"post_tag","embeddable":true,"href":"https:\/\/myagencyinside.com\/maquettes\/gestion-retraite\/wp-json\/wp\/v2\/tags?post=6688"}],"curies":[{"name":"wp","href":"https:\/\/api.w.org\/{rel}","templated":true}]}}