{"id":6695,"date":"2025-12-21T10:30:35","date_gmt":"2025-12-21T09:30:35","guid":{"rendered":"https:\/\/myagencyinside.com\/maquettes\/gestion-retraite\/?p=6695"},"modified":"2026-04-21T10:50:04","modified_gmt":"2026-04-21T08:50:04","slug":"echange-avec-eric-petremann","status":"publish","type":"post","link":"https:\/\/myagencyinside.com\/maquettes\/gestion-retraite\/2025\/12\/21\/echange-avec-eric-petremann\/","title":{"rendered":"\u00c9change avec \u00c9ric Petremann"},"content":{"rendered":"\t\t<div data-elementor-type=\"wp-post\" data-elementor-id=\"6695\" class=\"elementor elementor-6695\">\n\t\t\t\t<div class=\"elementor-element elementor-element-10a4fbc2 e-flex e-con-boxed wpr-particle-no wpr-jarallax-no wpr-parallax-no wpr-sticky-section-no wpr-equal-height-no e-con e-parent\" data-id=\"10a4fbc2\" data-element_type=\"container\" data-e-type=\"container\">\n\t\t\t\t\t<div class=\"e-con-inner\">\n\t\t\t\t<div class=\"elementor-element elementor-element-356ee044 elementor-widget__width-initial elementor-widget elementor-widget-text-editor\" data-id=\"356ee044\" data-element_type=\"widget\" data-e-type=\"widget\" data-widget_type=\"text-editor.default\">\n\t\t\t\t\t\t\t\t\t<p>Pour le deuxi\u00e8me \u00e9pisode de BON VENT, NB Consulting a le plaisir de donner la parole \u00e0 \u00c9ric Petremann (Darpan), ex-directeur de formation chez FORD France, aujourd\u2019hui coach de vie. Un t\u00e9moignage autour d\u2019une retraite rythm\u00e9e par la libert\u00e9, l\u2019int\u00e9grit\u00e9 et la gratitude.<\/p>\n<div class=\"wp-block-buttons\">\n<p><!-- \/wp:button --><\/p>\n<\/div>\n<p><!-- \/wp:buttons --><!-- wp:paragraph --><\/p>\n<p><!-- \/wp:paragraph --><\/p>\t\t\t\t\t\t\t\t<\/div>\n\t\t\t\t\t<\/div>\n\t\t\t\t<\/div>\n\t\t<div class=\"elementor-element elementor-element-79317c4 e-flex e-con-boxed wpr-particle-no wpr-jarallax-no wpr-parallax-no wpr-sticky-section-no wpr-equal-height-no e-con e-parent\" data-id=\"79317c4\" data-element_type=\"container\" data-e-type=\"container\">\n\t\t\t\t\t<div class=\"e-con-inner\">\n\t\t\t\t<div class=\"elementor-element elementor-element-b3fea69 elementor-mobile-align-center elementor-widget elementor-widget-button\" data-id=\"b3fea69\" data-element_type=\"widget\" data-e-type=\"widget\" data-widget_type=\"button.default\">\n\t\t\t\t\t\t\t\t\t\t<a class=\"elementor-button elementor-button-link elementor-size-sm\" href=\"#\">\n\t\t\t\t\t\t<span class=\"elementor-button-content-wrapper\">\n\t\t\t\t\t\t\t\t\t<span class=\"elementor-button-text\">\u00c9coutez \u00c9ric<\/span>\n\t\t\t\t\t<\/span>\n\t\t\t\t\t<\/a>\n\t\t\t\t\t\t\t\t<\/div>\n\t\t\t\t\t<\/div>\n\t\t\t\t<\/div>\n\t\t\t\t<\/div>\n\t\t","protected":false},"excerpt":{"rendered":"<p>Pour le deuxi\u00e8me \u00e9pisode de BON VENT, NB Consulting a le plaisir de donner la parole \u00e0 \u00c9ric Petremann (Darpan), ex-directeur de formation chez FORD France, aujourd\u2019hui coach de vie. Un t\u00e9moignage autour d\u2019une retraite rythm\u00e9e par la libert\u00e9, l\u2019int\u00e9grit\u00e9 et la gratitude. \u00c9coutez \u00c9ric<\/p>\n","protected":false},"author":1,"featured_media":6697,"comment_status":"closed","ping_status":"closed","sticky":false,"template":"","format":"standard","meta":{"footnotes":""},"categories":[100],"tags":[97,14,18,98],"class_list":["post-6695","post","type-post","status-publish","format-standard","has-post-thumbnail","hentry","category-podcast-bon-vent","tag-assurance-chomage","tag-cotisations","tag-retraite","tag-senior"],"_links":{"self":[{"href":"https:\/\/myagencyinside.com\/maquettes\/gestion-retraite\/wp-json\/wp\/v2\/posts\/6695","targetHints":{"allow":["GET"]}}],"collection":[{"href":"https:\/\/myagencyinside.com\/maquettes\/gestion-retraite\/wp-json\/wp\/v2\/posts"}],"about":[{"href":"https:\/\/myagencyinside.com\/maquettes\/gestion-retraite\/wp-json\/wp\/v2\/types\/post"}],"author":[{"embeddable":true,"href":"https:\/\/myagencyinside.com\/maquettes\/gestion-retraite\/wp-json\/wp\/v2\/users\/1"}],"replies":[{"embeddable":true,"href":"https:\/\/myagencyinside.com\/maquettes\/gestion-retraite\/wp-json\/wp\/v2\/comments?post=6695"}],"version-history":[{"count":4,"href":"https:\/\/myagencyinside.com\/maquettes\/gestion-retraite\/wp-json\/wp\/v2\/posts\/6695\/revisions"}],"predecessor-version":[{"id":6700,"href":"https:\/\/myagencyinside.com\/maquettes\/gestion-retraite\/wp-json\/wp\/v2\/posts\/6695\/revisions\/6700"}],"wp:featuredmedia":[{"embeddable":true,"href":"https:\/\/myagencyinside.com\/maquettes\/gestion-retraite\/wp-json\/wp\/v2\/media\/6697"}],"wp:attachment":[{"href":"https:\/\/myagencyinside.com\/maquettes\/gestion-retraite\/wp-json\/wp\/v2\/media?parent=6695"}],"wp:term":[{"taxonomy":"category","embeddable":true,"href":"https:\/\/myagencyinside.com\/maquettes\/gestion-retraite\/wp-json\/wp\/v2\/categories?post=6695"},{"taxonomy":"post_tag","embeddable":true,"href":"https:\/\/myagencyinside.com\/maquettes\/gestion-retraite\/wp-json\/wp\/v2\/tags?post=6695"}],"curies":[{"name":"wp","href":"https:\/\/api.w.org\/{rel}","templated":true}]}}