{"id":75,"date":"2014-04-22T07:26:08","date_gmt":"2014-04-22T05:26:08","guid":{"rendered":"http:\/\/wp2.commonsupport.com\/newwp\/advice\/?p=75"},"modified":"2014-04-22T07:26:08","modified_gmt":"2014-04-22T05:26:08","slug":"europe-1-les-expert","status":"publish","type":"post","link":"https:\/\/myagencyinside.com\/maquettes\/gestion-retraite\/2014\/04\/22\/europe-1-les-expert\/","title":{"rendered":"Europe 1 &#8211; Les Experts"},"content":{"rendered":"<p>Retrouvez l&rsquo;experte retraite et fondatrice de NB Consulting Nathalie Badaire sur Europe 1 dans l\u2019\u00e9mission <a href=\"https:\/\/www.europe1.fr\/emissions\/Les-experts-Europe-1\/Les-Experts-Europe-1-Comment-bien-preparer-sa-retraite-156086\" target=\"_blank\" rel=\"noopener noreferrer\">Les experts<\/a> sur une th\u00e9matique forte : Comment bien pr\u00e9parer sa retraite \u2013 anim\u00e9e par Helena Morna.<\/p>\n","protected":false},"excerpt":{"rendered":"<p>Retrouvez l&rsquo;experte retraite et fondatrice de NB Consulting Nathalie Badaire sur Europe 1 dans l\u2019\u00e9mission Les experts sur une th\u00e9matique forte : Comment bien pr\u00e9parer sa retraite \u2013 anim\u00e9e par Helena Morna.<\/p>\n","protected":false},"author":1,"featured_media":780,"comment_status":"closed","ping_status":"closed","sticky":false,"template":"","format":"standard","meta":{"footnotes":""},"categories":[17],"tags":[19,15,20,18],"class_list":["post-75","post","type-post","status-publish","format-standard","has-post-thumbnail","hentry","category-presse","tag-conseils","tag-expertise","tag-preparation","tag-retraite"],"_links":{"self":[{"href":"https:\/\/myagencyinside.com\/maquettes\/gestion-retraite\/wp-json\/wp\/v2\/posts\/75","targetHints":{"allow":["GET"]}}],"collection":[{"href":"https:\/\/myagencyinside.com\/maquettes\/gestion-retraite\/wp-json\/wp\/v2\/posts"}],"about":[{"href":"https:\/\/myagencyinside.com\/maquettes\/gestion-retraite\/wp-json\/wp\/v2\/types\/post"}],"author":[{"embeddable":true,"href":"https:\/\/myagencyinside.com\/maquettes\/gestion-retraite\/wp-json\/wp\/v2\/users\/1"}],"replies":[{"embeddable":true,"href":"https:\/\/myagencyinside.com\/maquettes\/gestion-retraite\/wp-json\/wp\/v2\/comments?post=75"}],"version-history":[{"count":0,"href":"https:\/\/myagencyinside.com\/maquettes\/gestion-retraite\/wp-json\/wp\/v2\/posts\/75\/revisions"}],"wp:featuredmedia":[{"embeddable":true,"href":"https:\/\/myagencyinside.com\/maquettes\/gestion-retraite\/wp-json\/wp\/v2\/media\/780"}],"wp:attachment":[{"href":"https:\/\/myagencyinside.com\/maquettes\/gestion-retraite\/wp-json\/wp\/v2\/media?parent=75"}],"wp:term":[{"taxonomy":"category","embeddable":true,"href":"https:\/\/myagencyinside.com\/maquettes\/gestion-retraite\/wp-json\/wp\/v2\/categories?post=75"},{"taxonomy":"post_tag","embeddable":true,"href":"https:\/\/myagencyinside.com\/maquettes\/gestion-retraite\/wp-json\/wp\/v2\/tags?post=75"}],"curies":[{"name":"wp","href":"https:\/\/api.w.org\/{rel}","templated":true}]}}