{"id":1092,"date":"2016-04-07T14:02:17","date_gmt":"2016-04-07T13:02:17","guid":{"rendered":"http:\/\/v2.protect-plus-assurances.fr\/?p=1092"},"modified":"2020-12-27T10:58:07","modified_gmt":"2020-12-27T09:58:07","slug":"question-frequente","status":"publish","type":"post","link":"https:\/\/myagencyinside.com\/maquettes\/protect-plus-assurances\/question-frequente\/","title":{"rendered":"Question fr\u00e9quente Protect plus assurances"},"content":{"rendered":"<h2>Question fr\u00e9quente Protect plus assurances<\/h2>\n<p><b><img data-recalc-dims=\"1\" decoding=\"async\" class=\"alignleft wp-image-1185 size-thumbnail\" src=\"https:\/\/i0.wp.com\/myagencyinside.com\/maquettes\/protect-plus-assurances\/wp-content\/uploads\/2016\/04\/image.png?resize=150%2C150&#038;ssl=1\" alt=\"Protect plus assurances\" width=\"150\" height=\"150\" srcset=\"https:\/\/i0.wp.com\/myagencyinside.com\/maquettes\/protect-plus-assurances\/wp-content\/uploads\/2016\/04\/image.png?resize=150%2C150&amp;ssl=1 150w, https:\/\/i0.wp.com\/myagencyinside.com\/maquettes\/protect-plus-assurances\/wp-content\/uploads\/2016\/04\/image.png?resize=300%2C300&amp;ssl=1 300w, https:\/\/i0.wp.com\/myagencyinside.com\/maquettes\/protect-plus-assurances\/wp-content\/uploads\/2016\/04\/image.png?resize=200%2C200&amp;ssl=1 200w, https:\/\/i0.wp.com\/myagencyinside.com\/maquettes\/protect-plus-assurances\/wp-content\/uploads\/2016\/04\/image.png?w=400&amp;ssl=1 400w\" sizes=\"(max-width: 150px) 100vw, 150px\" \/><\/b><\/p>\n<p><b>Quelles sont vos horaires d&rsquo;ouverture ?<\/b><br \/>\nNos services sont ouverts du lundi au vendredi de 9h \u00e0 18h et le samedi de 9h \u00e0 13h.<\/p>\n<p><b>Dois-je fournir un relev\u00e9 d&rsquo;informations afin de souscrire une assurance si mon dernier contrat est clos depuis 12 mois ?<\/b><br \/>\nLe relev\u00e9 d\u2019information est un document obligatoire. Il doit nous \u00eatre fourni afin de justifier vos ant\u00e9c\u00e9dents d\u2019assurances.<br \/>\nSi votre dernier contrat d\u2019assurance est clos depuis moins de 24 mois, il vous faut nous fournir un relev\u00e9 d\u2019informations r\u00e9cent (dat\u00e9 de moins de 3 mois) justifiant cette assurance.<!--more--><\/p>\n<p><b>Comment se procurer un relev\u00e9 d\u2019informations ?<\/b><br \/>\nAupr\u00e8s de votre pr\u00e9c\u00e9dent ou actuel assureur.<br \/>\nEn effet, selon l\u2019annexe \u00e0 l\u2019<a href=\"https:\/\/www.legifrance.gouv.fr\/affichCode.do?idSectionTA=LEGISCTA000006156959&amp;cidTexte=LEGITEXT000006073984\" target=\"_blank\" rel=\"noopener noreferrer\">article A. 121-1 du Code des assurances<\/a> :<br \/>\nArt. 12. L&rsquo;assureur d\u00e9livre au souscripteur un relev\u00e9 d&rsquo;informations \u00e0 chaque \u00e9ch\u00e9ance annuelle du contrat ou, \u00e0 d\u00e9faut, \u00e0 la demande du souscripteur ou lors de la r\u00e9siliation du contrat par l&rsquo;une des parties.<br \/>\nCe relev\u00e9 comporte les indications suivantes :<br \/>\n&#8211; Date de souscription du contrat ;<br \/>\n&#8211; Num\u00e9ro d&rsquo;immatriculation du v\u00e9hicule ;<br \/>\n&#8211; Nom, pr\u00e9nom, date de naissance, num\u00e9ro et date de d\u00e9livrance du permis de conduire du souscripteur et de chacun des conducteurs d\u00e9sign\u00e9s au contrat ;<br \/>\n&#8211; Nombre, nature, date de survenance et conducteur responsable des sinistres survenus au cours des cinq p\u00e9riodes annuelles pr\u00e9c\u00e9dant l&rsquo;\u00e9tablissement du relev\u00e9 d&rsquo;informations, ainsi que la part de responsabilit\u00e9 retenue ;<br \/>\n&#8211; Le coefficient de r\u00e9duction-majoration appliqu\u00e9 \u00e0 la derni\u00e8re \u00e9ch\u00e9ance annuelle ;<br \/>\n&#8211; La date \u00e0 laquelle les informations ci-dessus ont \u00e9t\u00e9 arr\u00eat\u00e9es.<\/p>\n<p><b>Acceptez-vous les v\u00e9hicules non assur\u00e9s depuis plus de 3 mois?<\/b><br \/>\nOui.<\/p>\n<p><b>Apr\u00e8s r\u00e9siliation pour non paiement d&rsquo;une prime d&rsquo;assurance, j&rsquo;ai r\u00e9gl\u00e9 la prime avec les p\u00e9nalit\u00e9s, puis-je m&rsquo;assurer aupr\u00e8s de votre compagnie ?<\/b><br \/>\nVous pouvez souscrire chez nous un produit acceptant une r\u00e9siliation pour non paiement. Nous vous faisons b\u00e9n\u00e9ficier d\u2019une r\u00e9duction si la prime due chez la pr\u00e9c\u00e9dente compagnie d\u2019assurance est r\u00e9gularis\u00e9.<\/p>\n<p><b>Comment faire pour r\u00e9cup\u00e9rer le solde apr\u00e8s r\u00e9siliation suite \u00e0 la vente de mon v\u00e9hicule ?<\/b><br \/>\nLe remboursement du solde apr\u00e8s r\u00e9siliation d\u00e9pend du mode de paiement :<br \/>\n&#8211; S\u2019il s\u2019agit d\u2019un paiement par RIB, vous obtiendrez le remboursement sur votre compte bancaire ;<br \/>\n&#8211; S\u2019il s\u2019agit d\u2019un paiement par ch\u00e8que vous obtiendrez le remboursement par un ch\u00e8que \u00e0 votre nom adress\u00e9 par courrier \u00e0 l\u2019adresse mentionn\u00e9e sur votre contrat d\u2019assurance dans un d\u00e9lai de 10 jours.<\/p>\n<p><b>Est-ce vrai qu&rsquo;apr\u00e8s 2 ans sans assurance le bonus s&rsquo;annule et le conducteur redevient jeune conducteur?<\/b><br \/>\nOui, apr\u00e8s 2 ans sans assurance le client perd ses ant\u00e9c\u00e9dents d\u2019assurances et son coefficient Bonus Malus revient \u00e0 100.<br \/>\n<b>Quel impact le lieu de r\u00e9sidence a-t-il sur la prime d&rsquo;assurance ?\u2028<\/b><\/p>\n<p>Le tarif de votre prime d\u2019assurance d\u00e9pend de votre zone RC vol.<\/p>\n<p><b>Que puis-je faire si je suis insatisfait de ma police d&rsquo;assurance ou du service re\u00e7u ?\u2028<\/b><\/p>\n<p>Vous pouvez nous contacter par t\u00e9l\u00e9phone au 01 85 095 095 Un conseiller client est \u00e0 votre disposition.\u2028\u2028Vous pouvez \u00e9galement vous rendre dans la rubrique \u00ab \u00c0 votre \u00e9coute \u00bb.<\/p>\n<p><b>Nous nous engageons \u00e0 traiter votre demande dans l\u2019heure qui suit l\u2019envoi de votre demande.\u2028\u2028Comment dois-je proc\u00e9der pour r\u00e9silier mon contrat ?<\/b><\/p>\n<p>Pour la r\u00e9siliation de votre contrat d\u2019assurance, vous devez respecter une proc\u00e9dure stricte ainsi que des d\u00e9lais fix\u00e9s soit par votre contrat, soit par la loi. \u2028Vous pouvez d\u00e9clarer directement votre r\u00e9siliation gr\u00e2ce \u00e0 l\u2019envoi d\u2019une lettre recommand\u00e9e avec accus\u00e9 de r\u00e9ception deux mois avant la date anniversaire du contrat. Par exemple, si votre contrat arrive \u00e0 \u00e9ch\u00e9ance le 1er juillet, vous devez informer votre assureur de votre souhait de r\u00e9siliation au plus tard le 30 avril, le cachet de la Poste faisant foi.<\/p>\n<p><b>Quels sont les modes de paiement autoris\u00e9s sur le contrat ?\u2028<\/b><\/p>\n<p>Nous proposons \u00e0 nos clients de r\u00e9gler leurs primes soit par un pr\u00e9l\u00e8vement bancaire automatique soit par ch\u00e8que. \u2028N\u00e9anmoins, vous pouvez nous contacter afin de payer la prime par CB, nous envoyer un mandat cash ou un mandat compte ou payer par virement sur notre compte bancaire.\u2028De plus, vous pouvez \u00e9galement r\u00e9gler vos diff\u00e9rentes \u00e9ch\u00e9ances<\/p>\n<p><b>Puis-je payer mensuellement ma cotisation par carte bancaire? \u2028<\/b><\/p>\n<p>Oui, c\u2019est possible de proc\u00e9der au paiement chaque mois par CB.<\/p>\n<p><b>Je ne trouve pas la r\u00e9ponse \u00e0 ma question\u2028<\/b><\/p>\n<p>Afin qu\u2019un assureur conseil vous r\u00e9ponde dans les plus brefs d\u00e9lais, veuillez s\u2019il vous pla\u00eet renseigner votre num\u00e9ro de t\u00e9l\u00e9phone en cliquant sur <a href=\"http:\/\/protect-plus-assurances.fr\" target=\"_blank\" rel=\"noopener noreferrer\">ce lien<\/a><\/p>\n","protected":false},"excerpt":{"rendered":"<p>Question fr\u00e9quente Protect plus assurances Quelles sont vos horaires d&rsquo;ouverture ? Nos services sont ouverts du lundi au vendredi de 9h \u00e0 18h et le samedi de 9h \u00e0 13h. Dois-je fournir un relev\u00e9 d&rsquo;informations afin de souscrire une assurance &hellip; <a href=\"https:\/\/myagencyinside.com\/maquettes\/protect-plus-assurances\/question-frequente\/\">Read More<\/a> &hellip; <a href=\"https:\/\/myagencyinside.com\/maquettes\/protect-plus-assurances\/question-frequente\/\">Read More<\/a><\/p>\n","protected":false},"author":4,"featured_media":0,"comment_status":"closed","ping_status":"open","sticky":true,"template":"","format":"standard","meta":{"jetpack_post_was_ever_published":false,"_jetpack_newsletter_access":"","_jetpack_dont_email_post_to_subs":false,"_jetpack_newsletter_tier_id":0,"_jetpack_memberships_contains_paywalled_content":false,"_jetpack_memberships_contains_paid_content":false,"footnotes":""},"categories":[13,15,14],"tags":[34],"class_list":["post-1092","post","type-post","status-publish","format-standard","hentry","category-assurance-2-roues","category-assurance-automobile","category-assurance-habitation","tag-question-frequente"],"yoast_head":"<!-- This site is optimized with the Yoast SEO Premium plugin v26.9 (Yoast SEO v27.2) - https:\/\/yoast.com\/product\/yoast-seo-premium-wordpress\/ -->\n<title>Question fr\u00e9quente Protect plus assurances - Protect Plus Assurances<\/title>\n<meta name=\"description\" content=\"Question fr\u00e9quente Protect plus assurances\u00a0Dois-je fournir un relev\u00e9 d&#039;informations afin de souscrire une assurance si mon dernier contrat est clos depuis 12 mois ?\" \/>\n<meta name=\"robots\" content=\"index, follow, max-snippet:-1, max-image-preview:large, max-video-preview:-1\" \/>\n<link rel=\"canonical\" href=\"https:\/\/myagencyinside.com\/maquettes\/protect-plus-assurances\/question-frequente\/\" \/>\n<meta property=\"og:locale\" content=\"fr_FR\" \/>\n<meta property=\"og:type\" content=\"article\" \/>\n<meta property=\"og:title\" content=\"Les questions fr\u00e9quentes Protect plus assurances\" \/>\n<meta property=\"og:description\" content=\"Protect plus assurances r\u00e9ponds \u00e0 l&#039;ensemble de vos questions.\" \/>\n<meta property=\"og:url\" content=\"https:\/\/myagencyinside.com\/maquettes\/protect-plus-assurances\/question-frequente\/\" \/>\n<meta property=\"og:site_name\" content=\"Protect Plus Assurances\" \/>\n<meta property=\"article:publisher\" content=\"https:\/\/www.facebook.com\/protectplusassurances\/\" \/>\n<meta property=\"article:published_time\" content=\"2016-04-07T13:02:17+00:00\" \/>\n<meta property=\"article:modified_time\" content=\"2020-12-27T09:58:07+00:00\" \/>\n<meta name=\"author\" content=\"Super Admin Protect\" \/>\n<meta name=\"twitter:card\" content=\"summary_large_image\" \/>\n<meta name=\"twitter:title\" content=\"Question fr\u00e9quente Protect plus assurances\" \/>\n<meta name=\"twitter:image\" content=\"https:\/\/i0.wp.com\/myagencyinside.com\/maquettes\/protect-plus-assurances\/wp-content\/uploads\/2016\/04\/image.png?fit=400%2C400&ssl=1\" \/>\n<meta name=\"twitter:creator\" content=\"@protect_assu\" \/>\n<meta name=\"twitter:site\" content=\"@protect_assu\" \/>\n<meta name=\"twitter:label1\" content=\"\u00c9crit par\" \/>\n\t<meta name=\"twitter:data1\" content=\"Super Admin Protect\" \/>\n\t<meta name=\"twitter:label2\" content=\"Dur\u00e9e de lecture estim\u00e9e\" \/>\n\t<meta name=\"twitter:data2\" content=\"4 minutes\" \/>\n<script type=\"application\/ld+json\" class=\"yoast-schema-graph\">{\"@context\":\"https:\/\/schema.org\",\"@graph\":[{\"@type\":\"Article\",\"@id\":\"https:\/\/myagencyinside.com\/maquettes\/protect-plus-assurances\/question-frequente\/#article\",\"isPartOf\":{\"@id\":\"https:\/\/myagencyinside.com\/maquettes\/protect-plus-assurances\/question-frequente\/\"},\"author\":{\"name\":\"Super Admin Protect\",\"@id\":\"https:\/\/myagencyinside.com\/maquettes\/protect-plus-assurances\/#\/schema\/person\/e6cf68091b545fe3ec7b0d576a2c8957\"},\"headline\":\"Question fr\u00e9quente Protect plus assurances\",\"datePublished\":\"2016-04-07T13:02:17+00:00\",\"dateModified\":\"2020-12-27T09:58:07+00:00\",\"mainEntityOfPage\":{\"@id\":\"https:\/\/myagencyinside.com\/maquettes\/protect-plus-assurances\/question-frequente\/\"},\"wordCount\":821,\"publisher\":{\"@id\":\"https:\/\/myagencyinside.com\/maquettes\/protect-plus-assurances\/#organization\"},\"image\":{\"@id\":\"https:\/\/myagencyinside.com\/maquettes\/protect-plus-assurances\/question-frequente\/#primaryimage\"},\"thumbnailUrl\":\"https:\/\/myagencyinside.com\/maquettes\/protect-plus-assurances\/wp-content\/uploads\/2016\/04\/image-150x150.png\",\"keywords\":[\"question fr\u00e9quente\"],\"articleSection\":[\"Assurance 2 roues\",\"Assurance Automobile\",\"Assurance Habitation\"],\"inLanguage\":\"fr-FR\"},{\"@type\":\"WebPage\",\"@id\":\"https:\/\/myagencyinside.com\/maquettes\/protect-plus-assurances\/question-frequente\/\",\"url\":\"https:\/\/myagencyinside.com\/maquettes\/protect-plus-assurances\/question-frequente\/\",\"name\":\"Question fr\u00e9quente Protect plus assurances - Protect Plus Assurances\",\"isPartOf\":{\"@id\":\"https:\/\/myagencyinside.com\/maquettes\/protect-plus-assurances\/#website\"},\"primaryImageOfPage\":{\"@id\":\"https:\/\/myagencyinside.com\/maquettes\/protect-plus-assurances\/question-frequente\/#primaryimage\"},\"image\":{\"@id\":\"https:\/\/myagencyinside.com\/maquettes\/protect-plus-assurances\/question-frequente\/#primaryimage\"},\"thumbnailUrl\":\"https:\/\/myagencyinside.com\/maquettes\/protect-plus-assurances\/wp-content\/uploads\/2016\/04\/image-150x150.png\",\"datePublished\":\"2016-04-07T13:02:17+00:00\",\"dateModified\":\"2020-12-27T09:58:07+00:00\",\"description\":\"Question fr\u00e9quente Protect plus assurances\u00a0Dois-je fournir un relev\u00e9 d'informations afin de souscrire une assurance si mon dernier contrat est clos depuis 12 mois ?\",\"breadcrumb\":{\"@id\":\"https:\/\/myagencyinside.com\/maquettes\/protect-plus-assurances\/question-frequente\/#breadcrumb\"},\"inLanguage\":\"fr-FR\",\"potentialAction\":[{\"@type\":\"ReadAction\",\"target\":[\"https:\/\/myagencyinside.com\/maquettes\/protect-plus-assurances\/question-frequente\/\"]}]},{\"@type\":\"ImageObject\",\"inLanguage\":\"fr-FR\",\"@id\":\"https:\/\/myagencyinside.com\/maquettes\/protect-plus-assurances\/question-frequente\/#primaryimage\",\"url\":\"https:\/\/i0.wp.com\/myagencyinside.com\/maquettes\/protect-plus-assurances\/wp-content\/uploads\/2016\/04\/image.png?fit=400%2C400&ssl=1\",\"contentUrl\":\"https:\/\/i0.wp.com\/myagencyinside.com\/maquettes\/protect-plus-assurances\/wp-content\/uploads\/2016\/04\/image.png?fit=400%2C400&ssl=1\",\"width\":400,\"height\":400,\"caption\":\"Mentions l\u00e9gales\"},{\"@type\":\"BreadcrumbList\",\"@id\":\"https:\/\/myagencyinside.com\/maquettes\/protect-plus-assurances\/question-frequente\/#breadcrumb\",\"itemListElement\":[{\"@type\":\"ListItem\",\"position\":1,\"name\":\"Accueil\",\"item\":\"https:\/\/myagencyinside.com\/maquettes\/protect-plus-assurances\/\"},{\"@type\":\"ListItem\",\"position\":2,\"name\":\"Question fr\u00e9quente Protect plus assurances\"}]},{\"@type\":\"WebSite\",\"@id\":\"https:\/\/myagencyinside.com\/maquettes\/protect-plus-assurances\/#website\",\"url\":\"https:\/\/myagencyinside.com\/maquettes\/protect-plus-assurances\/\",\"name\":\"Protect Plus Assurances\",\"description\":\"Une assurance au meilleur prix\",\"publisher\":{\"@id\":\"https:\/\/myagencyinside.com\/maquettes\/protect-plus-assurances\/#organization\"},\"potentialAction\":[{\"@type\":\"SearchAction\",\"target\":{\"@type\":\"EntryPoint\",\"urlTemplate\":\"https:\/\/myagencyinside.com\/maquettes\/protect-plus-assurances\/?s={search_term_string}\"},\"query-input\":{\"@type\":\"PropertyValueSpecification\",\"valueRequired\":true,\"valueName\":\"search_term_string\"}}],\"inLanguage\":\"fr-FR\"},{\"@type\":\"Organization\",\"@id\":\"https:\/\/myagencyinside.com\/maquettes\/protect-plus-assurances\/#organization\",\"name\":\"protect plus assurances\",\"url\":\"https:\/\/myagencyinside.com\/maquettes\/protect-plus-assurances\/\",\"logo\":{\"@type\":\"ImageObject\",\"inLanguage\":\"fr-FR\",\"@id\":\"https:\/\/myagencyinside.com\/maquettes\/protect-plus-assurances\/#\/schema\/logo\/image\/\",\"url\":\"https:\/\/protect-plus-assurances.fr\/wp-content\/uploads\/2021\/05\/output-onlinepngtools.png\",\"contentUrl\":\"https:\/\/protect-plus-assurances.fr\/wp-content\/uploads\/2021\/05\/output-onlinepngtools.png\",\"width\":295,\"height\":74,\"caption\":\"protect plus assurances\"},\"image\":{\"@id\":\"https:\/\/myagencyinside.com\/maquettes\/protect-plus-assurances\/#\/schema\/logo\/image\/\"},\"sameAs\":[\"https:\/\/www.facebook.com\/protectplusassurances\/\",\"https:\/\/x.com\/protect_assu\",\"https:\/\/www.linkedin.com\/company\/protect-assurances\",\"https:\/\/www.youtube.com\/channel\/UCoRo994H19PK9HqaTd7y0tg\"]},{\"@type\":\"Person\",\"@id\":\"https:\/\/myagencyinside.com\/maquettes\/protect-plus-assurances\/#\/schema\/person\/e6cf68091b545fe3ec7b0d576a2c8957\",\"name\":\"Super Admin Protect\",\"sameAs\":[\"https:\/\/protect-plus-assurances.fr\"],\"url\":\"https:\/\/myagencyinside.com\/maquettes\/protect-plus-assurances\"}]}<\/script>\n<!-- \/ Yoast SEO Premium plugin. -->","yoast_head_json":{"title":"Question fr\u00e9quente Protect plus assurances - Protect Plus Assurances","description":"Question fr\u00e9quente Protect plus assurances\u00a0Dois-je fournir un relev\u00e9 d'informations afin de souscrire une assurance si mon dernier contrat est clos depuis 12 mois ?","robots":{"index":"index","follow":"follow","max-snippet":"max-snippet:-1","max-image-preview":"max-image-preview:large","max-video-preview":"max-video-preview:-1"},"canonical":"https:\/\/myagencyinside.com\/maquettes\/protect-plus-assurances\/question-frequente\/","og_locale":"fr_FR","og_type":"article","og_title":"Les questions fr\u00e9quentes Protect plus assurances","og_description":"Protect plus assurances r\u00e9ponds \u00e0 l'ensemble de vos questions.","og_url":"https:\/\/myagencyinside.com\/maquettes\/protect-plus-assurances\/question-frequente\/","og_site_name":"Protect Plus Assurances","article_publisher":"https:\/\/www.facebook.com\/protectplusassurances\/","article_published_time":"2016-04-07T13:02:17+00:00","article_modified_time":"2020-12-27T09:58:07+00:00","author":"Super Admin Protect","twitter_card":"summary_large_image","twitter_title":"Question fr\u00e9quente Protect plus assurances","twitter_image":"https:\/\/i0.wp.com\/myagencyinside.com\/maquettes\/protect-plus-assurances\/wp-content\/uploads\/2016\/04\/image.png?fit=400%2C400&ssl=1","twitter_creator":"@protect_assu","twitter_site":"@protect_assu","twitter_misc":{"\u00c9crit par":"Super Admin Protect","Dur\u00e9e de lecture estim\u00e9e":"4 minutes"},"schema":{"@context":"https:\/\/schema.org","@graph":[{"@type":"Article","@id":"https:\/\/myagencyinside.com\/maquettes\/protect-plus-assurances\/question-frequente\/#article","isPartOf":{"@id":"https:\/\/myagencyinside.com\/maquettes\/protect-plus-assurances\/question-frequente\/"},"author":{"name":"Super Admin Protect","@id":"https:\/\/myagencyinside.com\/maquettes\/protect-plus-assurances\/#\/schema\/person\/e6cf68091b545fe3ec7b0d576a2c8957"},"headline":"Question fr\u00e9quente Protect plus assurances","datePublished":"2016-04-07T13:02:17+00:00","dateModified":"2020-12-27T09:58:07+00:00","mainEntityOfPage":{"@id":"https:\/\/myagencyinside.com\/maquettes\/protect-plus-assurances\/question-frequente\/"},"wordCount":821,"publisher":{"@id":"https:\/\/myagencyinside.com\/maquettes\/protect-plus-assurances\/#organization"},"image":{"@id":"https:\/\/myagencyinside.com\/maquettes\/protect-plus-assurances\/question-frequente\/#primaryimage"},"thumbnailUrl":"https:\/\/myagencyinside.com\/maquettes\/protect-plus-assurances\/wp-content\/uploads\/2016\/04\/image-150x150.png","keywords":["question fr\u00e9quente"],"articleSection":["Assurance 2 roues","Assurance Automobile","Assurance Habitation"],"inLanguage":"fr-FR"},{"@type":"WebPage","@id":"https:\/\/myagencyinside.com\/maquettes\/protect-plus-assurances\/question-frequente\/","url":"https:\/\/myagencyinside.com\/maquettes\/protect-plus-assurances\/question-frequente\/","name":"Question fr\u00e9quente Protect plus assurances - Protect Plus Assurances","isPartOf":{"@id":"https:\/\/myagencyinside.com\/maquettes\/protect-plus-assurances\/#website"},"primaryImageOfPage":{"@id":"https:\/\/myagencyinside.com\/maquettes\/protect-plus-assurances\/question-frequente\/#primaryimage"},"image":{"@id":"https:\/\/myagencyinside.com\/maquettes\/protect-plus-assurances\/question-frequente\/#primaryimage"},"thumbnailUrl":"https:\/\/myagencyinside.com\/maquettes\/protect-plus-assurances\/wp-content\/uploads\/2016\/04\/image-150x150.png","datePublished":"2016-04-07T13:02:17+00:00","dateModified":"2020-12-27T09:58:07+00:00","description":"Question fr\u00e9quente Protect plus assurances\u00a0Dois-je fournir un relev\u00e9 d'informations afin de souscrire une assurance si mon dernier contrat est clos depuis 12 mois ?","breadcrumb":{"@id":"https:\/\/myagencyinside.com\/maquettes\/protect-plus-assurances\/question-frequente\/#breadcrumb"},"inLanguage":"fr-FR","potentialAction":[{"@type":"ReadAction","target":["https:\/\/myagencyinside.com\/maquettes\/protect-plus-assurances\/question-frequente\/"]}]},{"@type":"ImageObject","inLanguage":"fr-FR","@id":"https:\/\/myagencyinside.com\/maquettes\/protect-plus-assurances\/question-frequente\/#primaryimage","url":"https:\/\/i0.wp.com\/myagencyinside.com\/maquettes\/protect-plus-assurances\/wp-content\/uploads\/2016\/04\/image.png?fit=400%2C400&ssl=1","contentUrl":"https:\/\/i0.wp.com\/myagencyinside.com\/maquettes\/protect-plus-assurances\/wp-content\/uploads\/2016\/04\/image.png?fit=400%2C400&ssl=1","width":400,"height":400,"caption":"Mentions l\u00e9gales"},{"@type":"BreadcrumbList","@id":"https:\/\/myagencyinside.com\/maquettes\/protect-plus-assurances\/question-frequente\/#breadcrumb","itemListElement":[{"@type":"ListItem","position":1,"name":"Accueil","item":"https:\/\/myagencyinside.com\/maquettes\/protect-plus-assurances\/"},{"@type":"ListItem","position":2,"name":"Question fr\u00e9quente Protect plus assurances"}]},{"@type":"WebSite","@id":"https:\/\/myagencyinside.com\/maquettes\/protect-plus-assurances\/#website","url":"https:\/\/myagencyinside.com\/maquettes\/protect-plus-assurances\/","name":"Protect Plus Assurances","description":"Une assurance au meilleur prix","publisher":{"@id":"https:\/\/myagencyinside.com\/maquettes\/protect-plus-assurances\/#organization"},"potentialAction":[{"@type":"SearchAction","target":{"@type":"EntryPoint","urlTemplate":"https:\/\/myagencyinside.com\/maquettes\/protect-plus-assurances\/?s={search_term_string}"},"query-input":{"@type":"PropertyValueSpecification","valueRequired":true,"valueName":"search_term_string"}}],"inLanguage":"fr-FR"},{"@type":"Organization","@id":"https:\/\/myagencyinside.com\/maquettes\/protect-plus-assurances\/#organization","name":"protect plus assurances","url":"https:\/\/myagencyinside.com\/maquettes\/protect-plus-assurances\/","logo":{"@type":"ImageObject","inLanguage":"fr-FR","@id":"https:\/\/myagencyinside.com\/maquettes\/protect-plus-assurances\/#\/schema\/logo\/image\/","url":"https:\/\/protect-plus-assurances.fr\/wp-content\/uploads\/2021\/05\/output-onlinepngtools.png","contentUrl":"https:\/\/protect-plus-assurances.fr\/wp-content\/uploads\/2021\/05\/output-onlinepngtools.png","width":295,"height":74,"caption":"protect plus assurances"},"image":{"@id":"https:\/\/myagencyinside.com\/maquettes\/protect-plus-assurances\/#\/schema\/logo\/image\/"},"sameAs":["https:\/\/www.facebook.com\/protectplusassurances\/","https:\/\/x.com\/protect_assu","https:\/\/www.linkedin.com\/company\/protect-assurances","https:\/\/www.youtube.com\/channel\/UCoRo994H19PK9HqaTd7y0tg"]},{"@type":"Person","@id":"https:\/\/myagencyinside.com\/maquettes\/protect-plus-assurances\/#\/schema\/person\/e6cf68091b545fe3ec7b0d576a2c8957","name":"Super Admin Protect","sameAs":["https:\/\/protect-plus-assurances.fr"],"url":"https:\/\/myagencyinside.com\/maquettes\/protect-plus-assurances"}]}},"jetpack_featured_media_url":"","jetpack_sharing_enabled":true,"_links":{"self":[{"href":"https:\/\/myagencyinside.com\/maquettes\/protect-plus-assurances\/wp-json\/wp\/v2\/posts\/1092","targetHints":{"allow":["GET"]}}],"collection":[{"href":"https:\/\/myagencyinside.com\/maquettes\/protect-plus-assurances\/wp-json\/wp\/v2\/posts"}],"about":[{"href":"https:\/\/myagencyinside.com\/maquettes\/protect-plus-assurances\/wp-json\/wp\/v2\/types\/post"}],"author":[{"embeddable":true,"href":"https:\/\/myagencyinside.com\/maquettes\/protect-plus-assurances\/wp-json\/wp\/v2\/users\/4"}],"replies":[{"embeddable":true,"href":"https:\/\/myagencyinside.com\/maquettes\/protect-plus-assurances\/wp-json\/wp\/v2\/comments?post=1092"}],"version-history":[{"count":0,"href":"https:\/\/myagencyinside.com\/maquettes\/protect-plus-assurances\/wp-json\/wp\/v2\/posts\/1092\/revisions"}],"wp:attachment":[{"href":"https:\/\/myagencyinside.com\/maquettes\/protect-plus-assurances\/wp-json\/wp\/v2\/media?parent=1092"}],"wp:term":[{"taxonomy":"category","embeddable":true,"href":"https:\/\/myagencyinside.com\/maquettes\/protect-plus-assurances\/wp-json\/wp\/v2\/categories?post=1092"},{"taxonomy":"post_tag","embeddable":true,"href":"https:\/\/myagencyinside.com\/maquettes\/protect-plus-assurances\/wp-json\/wp\/v2\/tags?post=1092"}],"curies":[{"name":"wp","href":"https:\/\/api.w.org\/{rel}","templated":true}]}}