{"id":1109,"date":"2016-04-13T09:27:08","date_gmt":"2016-04-13T08:27:08","guid":{"rendered":"http:\/\/v2.protect-plus-assurances.fr\/?p=1109"},"modified":"2020-12-27T10:38:42","modified_gmt":"2020-12-27T09:38:42","slug":"la-carte-grise","status":"publish","type":"post","link":"https:\/\/myagencyinside.com\/maquettes\/protect-plus-assurances\/la-carte-grise\/","title":{"rendered":"La carte grise"},"content":{"rendered":"<h2>Qu&rsquo;est ce que une carte grise ?<\/h2>\n<p><img data-recalc-dims=\"1\" fetchpriority=\"high\" decoding=\"async\" class=\"aligncenter wp-image-1349 size-large\" src=\"https:\/\/i0.wp.com\/myagencyinside.com\/maquettes\/protect-plus-assurances\/wp-content\/uploads\/2016\/04\/33397736_l.jpg?resize=1024%2C683&#038;ssl=1\" alt=\"protect plus assurances \" width=\"1024\" height=\"683\" srcset=\"https:\/\/i0.wp.com\/myagencyinside.com\/maquettes\/protect-plus-assurances\/wp-content\/uploads\/2016\/04\/33397736_l.jpg?resize=1024%2C683&amp;ssl=1 1024w, https:\/\/i0.wp.com\/myagencyinside.com\/maquettes\/protect-plus-assurances\/wp-content\/uploads\/2016\/04\/33397736_l.jpg?resize=300%2C200&amp;ssl=1 300w, https:\/\/i0.wp.com\/myagencyinside.com\/maquettes\/protect-plus-assurances\/wp-content\/uploads\/2016\/04\/33397736_l.jpg?resize=768%2C512&amp;ssl=1 768w, https:\/\/i0.wp.com\/myagencyinside.com\/maquettes\/protect-plus-assurances\/wp-content\/uploads\/2016\/04\/33397736_l.jpg?resize=200%2C133&amp;ssl=1 200w, https:\/\/i0.wp.com\/myagencyinside.com\/maquettes\/protect-plus-assurances\/wp-content\/uploads\/2016\/04\/33397736_l.jpg?w=2280&amp;ssl=1 2280w\" sizes=\"(max-width: 1024px) 100vw, 1024px\" \/><a href=\"http:\/\/protect-plus-assurances.fr\" target=\"_blank\" rel=\"noopener noreferrer nofollow\">Protect plus assurances<\/a> vous explique le principe de la carte grise avant Il est bon \u00e0 savoir que la carte grise, officiellement <a href=\"https:\/\/www.service-public.fr\/particuliers\/vosdroits\/N367\" target=\"_blank\" rel=\"noopener\">certificat d&rsquo;immatriculation<\/a> permet de circuler et identifier un v\u00e9hicule et par cons\u00e9quence souscrire une assurance Auto , c&rsquo;est un titre de police et non un titre de propri\u00e9t\u00e9, elle est devenue europ\u00e9enne depuis juin 2004 et comporte des informations communes et compr\u00e9hensibles \u00e0 l&rsquo;ensemble des <!--more-->\u00e9tats de l&rsquo;union europ\u00e9enne celle ci est obligatoire lors de la souscription d&rsquo;un contrat d&rsquo;<a href=\"http:\/\/protect-plus-assurances.fr\/devis-assurance-automobile\/\" target=\"_blank\" rel=\"noopener noreferrer nofollow\">assurance automobile<\/a>, d&rsquo;un contrat d&rsquo;<a href=\"http:\/\/protect-plus-assurances.fr\/devis-assurance-scooter-50\/\" target=\"_blank\" rel=\"noopener noreferrer nofollow\">assurance scooter 50cc<\/a> ou d&rsquo;un contrat <a href=\"http:\/\/protect-plus-assurances.fr\/assurance-2-roues\/\" target=\"_blank\" rel=\"noopener noreferrer nofollow\">d&rsquo;assurance moto ou 125cc.\u00a0<\/a><\/p>\n<p>Elle\u00a0comporte\u00a0entre\u00a0autres:<\/p>\n<p>&#8211; \u00a0\u00a0le\u00a0n\u00b0\u00a0d\u2019immatriculation,<br \/>\n&#8211; \u00a0\u00a0l\u2019identit\u00e9\u00a0du\u00a0propri\u00e9taire,<br \/>\n&#8211; \u00a0\u00a0les\u00a0caract\u00e9ristiques\u00a0du\u00a0v\u00e9hicule,<br \/>\n&#8211; \u00a0\u00a0sa\u00a0conformit\u00e9\u00a0(visites\u00a0techniques&#8230;)<br \/>\n&#8211; \u00a0\u00a0sa\u00a0date\u00a0de\u00a0premi\u00e8re\u00a0immatriculation\u00a0\u2026<\/p>\n<p>En\u00a0cas\u00a0de\u00a0multipropri\u00e9t\u00e9,\u00a0une\u00a0carte grise peut\u00a0\u00eatre\u00a0\u00e9tablie\u00a0au\u00a0nom de\u00a0plusieurs\u00a0personnes\u00a0physiques\u00a0et\/ou\u00a0morales.<\/p>\n<p>Pour\u00a0circuler\u00a0sur\u00a0la\u00a0voie\u00a0publique,\u00a0tous\u00a0les\u00a0v\u00e9hicules terrestres\u00a0\u00e0\u00a0moteur\u00a0doivent\u00a0\u00eatre\u00a0immatricul\u00e9s. Sont Ainsi\u00a0concern\u00e9s:<\/p>\n<p>&#8211; \u00a0\u00a0les\u00a0voitures\u00a0particuli\u00e8res,\u00a0les\u00a0utilitaires,\u00a0les\u00a0camping-cars.<br \/>\n&#8211; \u00a0\u00a0les\u00a0motocyclettes,\u00a0quads\u00a0et\u00a0<a href=\"http:\/\/protect-plus-assurances.fr\/assurance-2-roues\/\" target=\"_blank\" rel=\"noopener\">cyclomoteurs<\/a>.<br \/>\n&#8211; \u00a0\u00a0les\u00a0remorques\u00a0dont\u00a0le\u00a0PTAC\u00a0est\u00a0sup\u00e9rieur\u00a0\u00e0 500kg\u00a0(un num\u00e9ro propre et\u00a0non\u00a0celui\u00a0du\u00a0v\u00e9hicule\u00a0tracteur).<br \/>\n&#8211; \u00a0\u00a0les\u00a0v\u00e9hicules\u00a0agricoles\u00a0et\u00a0forestiers\u00a0(tracteurs,\u00a0remorques\u00a0et\u00a0autres engins).<\/p>\n<p>Tous\u00a0ces\u00a0v\u00e9hicules\u00a0entrent\u00a0dans\u00a0le\u00a0m\u00eame\u00a0processus d\u2019immatriculation,\u00a0le\u00a0SIV,\u00a0d\u00e9crit au\u00a0paragraphe\u00a0ci-apr\u00e8s.<\/p>\n<p>Le syst\u00e8me d&rsquo;immatriculation des v\u00e9hicules<br \/>\n004<br \/>\nLe syst\u00e8me d&rsquo;immatriculation des v\u00e9hicules, <a href=\"https:\/\/immatriculation.ants.gouv.fr\/\" target=\"_blank\" rel=\"noopener noreferrer nofollow\">SVI<\/a> a \u00e9t\u00e9 mis en place pour remplacer le fichier national d\u2019immatriculation FNI devenu obsol\u00e8te et inadapt\u00e9 aux nouvelles normes europ\u00e9ennes.<\/p>\n<p>D\u00e9sormais, toute immatriculation attribu\u00e9e \u00e0 un v\u00e9hicule lui est conserv\u00e9e jusqu&rsquo;\u00e0 sa destruction, m\u00eame en cas de changement de propri\u00e9taire.<\/p>\n<p>La mise en place s&rsquo;est faite progressivement:<\/p>\n<p>&#8211; le 15 avril 2009 pour les v\u00e9hicules neufs y compris les cyclomoteurs.<br \/>\n&#8211; le 15 octobre 2009 pour les v\u00e9hicules d&rsquo;occasion ( sauf les cyclomoteurs), lors de toute modification affectant la carte grise ( changement de propri\u00e9taire, d&rsquo;adresse&#8230;.. )<br \/>\nA NOTER:<br \/>\nLes v\u00e9hicules d&rsquo;occasion encore immatricul\u00e9s dans l&rsquo;ancien syst\u00e8me (FNI) conservent leur num\u00e9rotation tant qu&rsquo;il n&rsquo;y a pas de modification de la carte grise.<\/p>\n<p>&#8211; le 1 janvier 2010 pour les v\u00e9hicules automoteurs agricoles et forestiers circulant sur la voie publique.<br \/>\n&#8211; le 1 janvier 2011 pour les les cyclomoteurs d&rsquo;occasion.<br \/>\n&#8211; le 1 janvier 2013 pour les remorques \u00a0agricoles et les machines agricoles remorqu\u00e9es d\u00e9cret 2009-136 du 9 f\u00e9vrier 2009 et arr\u00eat\u00e9s du 9 f\u00e9vrier 2009, JO du 11 f\u00e9vrier 2009.<\/p>\n<p>Num\u00e9ro et plaque d&rsquo;immatriculation<br \/>\nChaque Vehicule ( 4 roues ou motos ) se voit attribuer un num\u00e9ro compos\u00e9 de 7 caract\u00e8res alphanum\u00e9riques, forc\u00e9 successivement de 2 lettres &#8211; trois chiffres &#8211; 2 lettres ( exemple : AA-123-AA)<\/p>\n<p>Pour les cyclomoteurs, le num\u00e9ro est compos\u00e9 une s\u00e9rie alphanum\u00e9rique sans tiret : 1 ou 2 lettres, 2 ou 3 chiffres et 1 lettre ( exemple : GB 001 A)<\/p>\n<p>Ce num\u00e9ro d&rsquo;immatriculation est mis en place d\u00e8s la mise en circulation du v\u00e9hicule, il n&rsquo;y a plus de num\u00e9ro provisoire en \u00a0\u00bb W W \u00a0\u00bb comme ant\u00e9rieurement dans le fichier national des immatriculations.<\/p>\n","protected":false},"excerpt":{"rendered":"<p>Qu&rsquo;est ce que une carte grise ? Protect plus assurances vous explique le principe de la carte grise avant Il est bon \u00e0 savoir que la carte grise, officiellement certificat d&rsquo;immatriculation permet de circuler et identifier un v\u00e9hicule et par &hellip; <a href=\"https:\/\/myagencyinside.com\/maquettes\/protect-plus-assurances\/la-carte-grise\/\">Read More<\/a> &hellip; <a href=\"https:\/\/myagencyinside.com\/maquettes\/protect-plus-assurances\/la-carte-grise\/\">Read More<\/a><\/p>\n","protected":false},"author":4,"featured_media":0,"comment_status":"closed","ping_status":"open","sticky":true,"template":"","format":"standard","meta":{"jetpack_post_was_ever_published":false,"_jetpack_newsletter_access":"","_jetpack_dont_email_post_to_subs":false,"_jetpack_newsletter_tier_id":0,"_jetpack_memberships_contains_paywalled_content":false,"_jetpack_memberships_contains_paid_content":false,"footnotes":""},"categories":[13,15],"tags":[37],"class_list":["post-1109","post","type-post","status-publish","format-standard","hentry","category-assurance-2-roues","category-assurance-automobile","tag-carte-grise"],"yoast_head":"<!-- This site is optimized with the Yoast SEO Premium plugin v26.9 (Yoast SEO v27.2) - https:\/\/yoast.com\/product\/yoast-seo-premium-wordpress\/ -->\n<title>La carte grise - Protect Plus Assurances<\/title>\n<meta name=\"description\" content=\"Protect plus assurances\u00a0vous explique le principe de la carte grise avant Il est bon \u00e0 savoir que la carte grise, officiellement\u00a0certificat d&#039;immatriculation\u00a0permet de circuler et identifier un v\u00e9hicule\" \/>\n<meta name=\"robots\" content=\"index, follow, max-snippet:-1, max-image-preview:large, max-video-preview:-1\" \/>\n<link rel=\"canonical\" href=\"https:\/\/myagencyinside.com\/maquettes\/protect-plus-assurances\/la-carte-grise\/\" \/>\n<meta property=\"og:locale\" content=\"fr_FR\" \/>\n<meta property=\"og:type\" content=\"article\" \/>\n<meta property=\"og:title\" content=\"La carte grise et certificat d&#039;immatriculation\" \/>\n<meta property=\"og:description\" content=\"Protect plus assurances vous explique tout sur la carte grise et le certificat d&#039;immatriculation sont obtention, modification et fonctionnement.\" \/>\n<meta property=\"og:url\" content=\"https:\/\/myagencyinside.com\/maquettes\/protect-plus-assurances\/la-carte-grise\/\" \/>\n<meta property=\"og:site_name\" content=\"Protect Plus Assurances\" \/>\n<meta property=\"article:publisher\" content=\"https:\/\/www.facebook.com\/protectplusassurances\/\" \/>\n<meta property=\"article:published_time\" content=\"2016-04-13T08:27:08+00:00\" \/>\n<meta property=\"article:modified_time\" content=\"2020-12-27T09:38:42+00:00\" \/>\n<meta name=\"author\" content=\"Super Admin Protect\" \/>\n<meta name=\"twitter:card\" content=\"summary_large_image\" \/>\n<meta name=\"twitter:title\" content=\"La carte grise\" \/>\n<meta name=\"twitter:image\" content=\"https:\/\/i0.wp.com\/myagencyinside.com\/maquettes\/protect-plus-assurances\/wp-content\/uploads\/2016\/04\/33397736_l.jpg?fit=2508%2C1672&ssl=1\" \/>\n<meta name=\"twitter:creator\" content=\"@protect_assu\" \/>\n<meta name=\"twitter:site\" content=\"@protect_assu\" \/>\n<meta name=\"twitter:label1\" content=\"\u00c9crit par\" \/>\n\t<meta name=\"twitter:data1\" content=\"Super Admin Protect\" \/>\n\t<meta name=\"twitter:label2\" content=\"Dur\u00e9e de lecture estim\u00e9e\" \/>\n\t<meta name=\"twitter:data2\" content=\"3 minutes\" \/>\n<script type=\"application\/ld+json\" class=\"yoast-schema-graph\">{\"@context\":\"https:\/\/schema.org\",\"@graph\":[{\"@type\":\"Article\",\"@id\":\"https:\/\/myagencyinside.com\/maquettes\/protect-plus-assurances\/la-carte-grise\/#article\",\"isPartOf\":{\"@id\":\"https:\/\/myagencyinside.com\/maquettes\/protect-plus-assurances\/la-carte-grise\/\"},\"author\":{\"name\":\"Super Admin Protect\",\"@id\":\"https:\/\/myagencyinside.com\/maquettes\/protect-plus-assurances\/#\/schema\/person\/e6cf68091b545fe3ec7b0d576a2c8957\"},\"headline\":\"La carte grise\",\"datePublished\":\"2016-04-13T08:27:08+00:00\",\"dateModified\":\"2020-12-27T09:38:42+00:00\",\"mainEntityOfPage\":{\"@id\":\"https:\/\/myagencyinside.com\/maquettes\/protect-plus-assurances\/la-carte-grise\/\"},\"wordCount\":556,\"publisher\":{\"@id\":\"https:\/\/myagencyinside.com\/maquettes\/protect-plus-assurances\/#organization\"},\"image\":{\"@id\":\"https:\/\/myagencyinside.com\/maquettes\/protect-plus-assurances\/la-carte-grise\/#primaryimage\"},\"thumbnailUrl\":\"https:\/\/myagencyinside.com\/maquettes\/protect-plus-assurances\/wp-content\/uploads\/2016\/04\/33397736_l-1024x683.jpg\",\"keywords\":[\"carte grise\"],\"articleSection\":[\"Assurance 2 roues\",\"Assurance Automobile\"],\"inLanguage\":\"fr-FR\"},{\"@type\":\"WebPage\",\"@id\":\"https:\/\/myagencyinside.com\/maquettes\/protect-plus-assurances\/la-carte-grise\/\",\"url\":\"https:\/\/myagencyinside.com\/maquettes\/protect-plus-assurances\/la-carte-grise\/\",\"name\":\"La carte grise - Protect Plus Assurances\",\"isPartOf\":{\"@id\":\"https:\/\/myagencyinside.com\/maquettes\/protect-plus-assurances\/#website\"},\"primaryImageOfPage\":{\"@id\":\"https:\/\/myagencyinside.com\/maquettes\/protect-plus-assurances\/la-carte-grise\/#primaryimage\"},\"image\":{\"@id\":\"https:\/\/myagencyinside.com\/maquettes\/protect-plus-assurances\/la-carte-grise\/#primaryimage\"},\"thumbnailUrl\":\"https:\/\/myagencyinside.com\/maquettes\/protect-plus-assurances\/wp-content\/uploads\/2016\/04\/33397736_l-1024x683.jpg\",\"datePublished\":\"2016-04-13T08:27:08+00:00\",\"dateModified\":\"2020-12-27T09:38:42+00:00\",\"description\":\"Protect plus assurances\u00a0vous explique le principe de la carte grise avant Il est bon \u00e0 savoir que la carte grise, officiellement\u00a0certificat d'immatriculation\u00a0permet de circuler et identifier un v\u00e9hicule\",\"breadcrumb\":{\"@id\":\"https:\/\/myagencyinside.com\/maquettes\/protect-plus-assurances\/la-carte-grise\/#breadcrumb\"},\"inLanguage\":\"fr-FR\",\"potentialAction\":[{\"@type\":\"ReadAction\",\"target\":[\"https:\/\/myagencyinside.com\/maquettes\/protect-plus-assurances\/la-carte-grise\/\"]}]},{\"@type\":\"ImageObject\",\"inLanguage\":\"fr-FR\",\"@id\":\"https:\/\/myagencyinside.com\/maquettes\/protect-plus-assurances\/la-carte-grise\/#primaryimage\",\"url\":\"https:\/\/i0.wp.com\/myagencyinside.com\/maquettes\/protect-plus-assurances\/wp-content\/uploads\/2016\/04\/33397736_l.jpg?fit=2508%2C1672&ssl=1\",\"contentUrl\":\"https:\/\/i0.wp.com\/myagencyinside.com\/maquettes\/protect-plus-assurances\/wp-content\/uploads\/2016\/04\/33397736_l.jpg?fit=2508%2C1672&ssl=1\",\"width\":2508,\"height\":1672,\"caption\":\"protect plus assurances\"},{\"@type\":\"BreadcrumbList\",\"@id\":\"https:\/\/myagencyinside.com\/maquettes\/protect-plus-assurances\/la-carte-grise\/#breadcrumb\",\"itemListElement\":[{\"@type\":\"ListItem\",\"position\":1,\"name\":\"Accueil\",\"item\":\"https:\/\/myagencyinside.com\/maquettes\/protect-plus-assurances\/\"},{\"@type\":\"ListItem\",\"position\":2,\"name\":\"La carte grise\"}]},{\"@type\":\"WebSite\",\"@id\":\"https:\/\/myagencyinside.com\/maquettes\/protect-plus-assurances\/#website\",\"url\":\"https:\/\/myagencyinside.com\/maquettes\/protect-plus-assurances\/\",\"name\":\"Protect Plus Assurances\",\"description\":\"Une assurance au meilleur prix\",\"publisher\":{\"@id\":\"https:\/\/myagencyinside.com\/maquettes\/protect-plus-assurances\/#organization\"},\"potentialAction\":[{\"@type\":\"SearchAction\",\"target\":{\"@type\":\"EntryPoint\",\"urlTemplate\":\"https:\/\/myagencyinside.com\/maquettes\/protect-plus-assurances\/?s={search_term_string}\"},\"query-input\":{\"@type\":\"PropertyValueSpecification\",\"valueRequired\":true,\"valueName\":\"search_term_string\"}}],\"inLanguage\":\"fr-FR\"},{\"@type\":\"Organization\",\"@id\":\"https:\/\/myagencyinside.com\/maquettes\/protect-plus-assurances\/#organization\",\"name\":\"protect plus assurances\",\"url\":\"https:\/\/myagencyinside.com\/maquettes\/protect-plus-assurances\/\",\"logo\":{\"@type\":\"ImageObject\",\"inLanguage\":\"fr-FR\",\"@id\":\"https:\/\/myagencyinside.com\/maquettes\/protect-plus-assurances\/#\/schema\/logo\/image\/\",\"url\":\"https:\/\/protect-plus-assurances.fr\/wp-content\/uploads\/2021\/05\/output-onlinepngtools.png\",\"contentUrl\":\"https:\/\/protect-plus-assurances.fr\/wp-content\/uploads\/2021\/05\/output-onlinepngtools.png\",\"width\":295,\"height\":74,\"caption\":\"protect plus assurances\"},\"image\":{\"@id\":\"https:\/\/myagencyinside.com\/maquettes\/protect-plus-assurances\/#\/schema\/logo\/image\/\"},\"sameAs\":[\"https:\/\/www.facebook.com\/protectplusassurances\/\",\"https:\/\/x.com\/protect_assu\",\"https:\/\/www.linkedin.com\/company\/protect-assurances\",\"https:\/\/www.youtube.com\/channel\/UCoRo994H19PK9HqaTd7y0tg\"]},{\"@type\":\"Person\",\"@id\":\"https:\/\/myagencyinside.com\/maquettes\/protect-plus-assurances\/#\/schema\/person\/e6cf68091b545fe3ec7b0d576a2c8957\",\"name\":\"Super Admin Protect\",\"sameAs\":[\"https:\/\/protect-plus-assurances.fr\"],\"url\":\"https:\/\/myagencyinside.com\/maquettes\/protect-plus-assurances\"}]}<\/script>\n<!-- \/ Yoast SEO Premium plugin. -->","yoast_head_json":{"title":"La carte grise - Protect Plus Assurances","description":"Protect plus assurances\u00a0vous explique le principe de la carte grise avant Il est bon \u00e0 savoir que la carte grise, officiellement\u00a0certificat d'immatriculation\u00a0permet de circuler et identifier un v\u00e9hicule","robots":{"index":"index","follow":"follow","max-snippet":"max-snippet:-1","max-image-preview":"max-image-preview:large","max-video-preview":"max-video-preview:-1"},"canonical":"https:\/\/myagencyinside.com\/maquettes\/protect-plus-assurances\/la-carte-grise\/","og_locale":"fr_FR","og_type":"article","og_title":"La carte grise et certificat d'immatriculation","og_description":"Protect plus assurances vous explique tout sur la carte grise et le certificat d'immatriculation sont obtention, modification et fonctionnement.","og_url":"https:\/\/myagencyinside.com\/maquettes\/protect-plus-assurances\/la-carte-grise\/","og_site_name":"Protect Plus Assurances","article_publisher":"https:\/\/www.facebook.com\/protectplusassurances\/","article_published_time":"2016-04-13T08:27:08+00:00","article_modified_time":"2020-12-27T09:38:42+00:00","author":"Super Admin Protect","twitter_card":"summary_large_image","twitter_title":"La carte grise","twitter_image":"https:\/\/i0.wp.com\/myagencyinside.com\/maquettes\/protect-plus-assurances\/wp-content\/uploads\/2016\/04\/33397736_l.jpg?fit=2508%2C1672&ssl=1","twitter_creator":"@protect_assu","twitter_site":"@protect_assu","twitter_misc":{"\u00c9crit par":"Super Admin Protect","Dur\u00e9e de lecture estim\u00e9e":"3 minutes"},"schema":{"@context":"https:\/\/schema.org","@graph":[{"@type":"Article","@id":"https:\/\/myagencyinside.com\/maquettes\/protect-plus-assurances\/la-carte-grise\/#article","isPartOf":{"@id":"https:\/\/myagencyinside.com\/maquettes\/protect-plus-assurances\/la-carte-grise\/"},"author":{"name":"Super Admin Protect","@id":"https:\/\/myagencyinside.com\/maquettes\/protect-plus-assurances\/#\/schema\/person\/e6cf68091b545fe3ec7b0d576a2c8957"},"headline":"La carte grise","datePublished":"2016-04-13T08:27:08+00:00","dateModified":"2020-12-27T09:38:42+00:00","mainEntityOfPage":{"@id":"https:\/\/myagencyinside.com\/maquettes\/protect-plus-assurances\/la-carte-grise\/"},"wordCount":556,"publisher":{"@id":"https:\/\/myagencyinside.com\/maquettes\/protect-plus-assurances\/#organization"},"image":{"@id":"https:\/\/myagencyinside.com\/maquettes\/protect-plus-assurances\/la-carte-grise\/#primaryimage"},"thumbnailUrl":"https:\/\/myagencyinside.com\/maquettes\/protect-plus-assurances\/wp-content\/uploads\/2016\/04\/33397736_l-1024x683.jpg","keywords":["carte grise"],"articleSection":["Assurance 2 roues","Assurance Automobile"],"inLanguage":"fr-FR"},{"@type":"WebPage","@id":"https:\/\/myagencyinside.com\/maquettes\/protect-plus-assurances\/la-carte-grise\/","url":"https:\/\/myagencyinside.com\/maquettes\/protect-plus-assurances\/la-carte-grise\/","name":"La carte grise - Protect Plus Assurances","isPartOf":{"@id":"https:\/\/myagencyinside.com\/maquettes\/protect-plus-assurances\/#website"},"primaryImageOfPage":{"@id":"https:\/\/myagencyinside.com\/maquettes\/protect-plus-assurances\/la-carte-grise\/#primaryimage"},"image":{"@id":"https:\/\/myagencyinside.com\/maquettes\/protect-plus-assurances\/la-carte-grise\/#primaryimage"},"thumbnailUrl":"https:\/\/myagencyinside.com\/maquettes\/protect-plus-assurances\/wp-content\/uploads\/2016\/04\/33397736_l-1024x683.jpg","datePublished":"2016-04-13T08:27:08+00:00","dateModified":"2020-12-27T09:38:42+00:00","description":"Protect plus assurances\u00a0vous explique le principe de la carte grise avant Il est bon \u00e0 savoir que la carte grise, officiellement\u00a0certificat d'immatriculation\u00a0permet de circuler et identifier un v\u00e9hicule","breadcrumb":{"@id":"https:\/\/myagencyinside.com\/maquettes\/protect-plus-assurances\/la-carte-grise\/#breadcrumb"},"inLanguage":"fr-FR","potentialAction":[{"@type":"ReadAction","target":["https:\/\/myagencyinside.com\/maquettes\/protect-plus-assurances\/la-carte-grise\/"]}]},{"@type":"ImageObject","inLanguage":"fr-FR","@id":"https:\/\/myagencyinside.com\/maquettes\/protect-plus-assurances\/la-carte-grise\/#primaryimage","url":"https:\/\/i0.wp.com\/myagencyinside.com\/maquettes\/protect-plus-assurances\/wp-content\/uploads\/2016\/04\/33397736_l.jpg?fit=2508%2C1672&ssl=1","contentUrl":"https:\/\/i0.wp.com\/myagencyinside.com\/maquettes\/protect-plus-assurances\/wp-content\/uploads\/2016\/04\/33397736_l.jpg?fit=2508%2C1672&ssl=1","width":2508,"height":1672,"caption":"protect plus assurances"},{"@type":"BreadcrumbList","@id":"https:\/\/myagencyinside.com\/maquettes\/protect-plus-assurances\/la-carte-grise\/#breadcrumb","itemListElement":[{"@type":"ListItem","position":1,"name":"Accueil","item":"https:\/\/myagencyinside.com\/maquettes\/protect-plus-assurances\/"},{"@type":"ListItem","position":2,"name":"La carte grise"}]},{"@type":"WebSite","@id":"https:\/\/myagencyinside.com\/maquettes\/protect-plus-assurances\/#website","url":"https:\/\/myagencyinside.com\/maquettes\/protect-plus-assurances\/","name":"Protect Plus Assurances","description":"Une assurance au meilleur prix","publisher":{"@id":"https:\/\/myagencyinside.com\/maquettes\/protect-plus-assurances\/#organization"},"potentialAction":[{"@type":"SearchAction","target":{"@type":"EntryPoint","urlTemplate":"https:\/\/myagencyinside.com\/maquettes\/protect-plus-assurances\/?s={search_term_string}"},"query-input":{"@type":"PropertyValueSpecification","valueRequired":true,"valueName":"search_term_string"}}],"inLanguage":"fr-FR"},{"@type":"Organization","@id":"https:\/\/myagencyinside.com\/maquettes\/protect-plus-assurances\/#organization","name":"protect plus assurances","url":"https:\/\/myagencyinside.com\/maquettes\/protect-plus-assurances\/","logo":{"@type":"ImageObject","inLanguage":"fr-FR","@id":"https:\/\/myagencyinside.com\/maquettes\/protect-plus-assurances\/#\/schema\/logo\/image\/","url":"https:\/\/protect-plus-assurances.fr\/wp-content\/uploads\/2021\/05\/output-onlinepngtools.png","contentUrl":"https:\/\/protect-plus-assurances.fr\/wp-content\/uploads\/2021\/05\/output-onlinepngtools.png","width":295,"height":74,"caption":"protect plus assurances"},"image":{"@id":"https:\/\/myagencyinside.com\/maquettes\/protect-plus-assurances\/#\/schema\/logo\/image\/"},"sameAs":["https:\/\/www.facebook.com\/protectplusassurances\/","https:\/\/x.com\/protect_assu","https:\/\/www.linkedin.com\/company\/protect-assurances","https:\/\/www.youtube.com\/channel\/UCoRo994H19PK9HqaTd7y0tg"]},{"@type":"Person","@id":"https:\/\/myagencyinside.com\/maquettes\/protect-plus-assurances\/#\/schema\/person\/e6cf68091b545fe3ec7b0d576a2c8957","name":"Super Admin Protect","sameAs":["https:\/\/protect-plus-assurances.fr"],"url":"https:\/\/myagencyinside.com\/maquettes\/protect-plus-assurances"}]}},"jetpack_featured_media_url":"","jetpack_sharing_enabled":true,"_links":{"self":[{"href":"https:\/\/myagencyinside.com\/maquettes\/protect-plus-assurances\/wp-json\/wp\/v2\/posts\/1109","targetHints":{"allow":["GET"]}}],"collection":[{"href":"https:\/\/myagencyinside.com\/maquettes\/protect-plus-assurances\/wp-json\/wp\/v2\/posts"}],"about":[{"href":"https:\/\/myagencyinside.com\/maquettes\/protect-plus-assurances\/wp-json\/wp\/v2\/types\/post"}],"author":[{"embeddable":true,"href":"https:\/\/myagencyinside.com\/maquettes\/protect-plus-assurances\/wp-json\/wp\/v2\/users\/4"}],"replies":[{"embeddable":true,"href":"https:\/\/myagencyinside.com\/maquettes\/protect-plus-assurances\/wp-json\/wp\/v2\/comments?post=1109"}],"version-history":[{"count":0,"href":"https:\/\/myagencyinside.com\/maquettes\/protect-plus-assurances\/wp-json\/wp\/v2\/posts\/1109\/revisions"}],"wp:attachment":[{"href":"https:\/\/myagencyinside.com\/maquettes\/protect-plus-assurances\/wp-json\/wp\/v2\/media?parent=1109"}],"wp:term":[{"taxonomy":"category","embeddable":true,"href":"https:\/\/myagencyinside.com\/maquettes\/protect-plus-assurances\/wp-json\/wp\/v2\/categories?post=1109"},{"taxonomy":"post_tag","embeddable":true,"href":"https:\/\/myagencyinside.com\/maquettes\/protect-plus-assurances\/wp-json\/wp\/v2\/tags?post=1109"}],"curies":[{"name":"wp","href":"https:\/\/api.w.org\/{rel}","templated":true}]}}