{"id":1442,"date":"2016-07-22T17:31:17","date_gmt":"2016-07-22T16:31:17","guid":{"rendered":"http:\/\/v2.protect-plus-assurances.fr\/?p=1442"},"modified":"2021-01-02T11:55:55","modified_gmt":"2021-01-02T10:55:55","slug":"loi-chatel","status":"publish","type":"post","link":"https:\/\/myagencyinside.com\/maquettes\/protect-plus-assurances\/loi-chatel\/","title":{"rendered":"Qu&rsquo;est ce que La Loi CHATEL ?"},"content":{"rendered":"<figure id=\"attachment_1445\" class=\"thumbnail wp-caption alignleft\" style=\"width: 300px\"><img data-recalc-dims=\"1\" decoding=\"async\" class=\"wp-image-1445 size-medium\" title=\"protect plus assurances\" src=\"https:\/\/i0.wp.com\/protect-plus-assurances.fr\/wp-content\/uploads\/2016\/07\/27528310_l-300x139.jpg?resize=300%2C139\" alt=\"loi chatel\" width=\"300\" height=\"139\" srcset=\"https:\/\/i0.wp.com\/myagencyinside.com\/maquettes\/protect-plus-assurances\/wp-content\/uploads\/2016\/07\/27528310_l.jpg?resize=300%2C139&amp;ssl=1 300w, https:\/\/i0.wp.com\/myagencyinside.com\/maquettes\/protect-plus-assurances\/wp-content\/uploads\/2016\/07\/27528310_l.jpg?resize=768%2C357&amp;ssl=1 768w, https:\/\/i0.wp.com\/myagencyinside.com\/maquettes\/protect-plus-assurances\/wp-content\/uploads\/2016\/07\/27528310_l.jpg?resize=1024%2C476&amp;ssl=1 1024w, https:\/\/i0.wp.com\/myagencyinside.com\/maquettes\/protect-plus-assurances\/wp-content\/uploads\/2016\/07\/27528310_l.jpg?resize=200%2C93&amp;ssl=1 200w, https:\/\/i0.wp.com\/myagencyinside.com\/maquettes\/protect-plus-assurances\/wp-content\/uploads\/2016\/07\/27528310_l.jpg?w=2280&amp;ssl=1 2280w\" sizes=\"(max-width: 300px) 100vw, 300px\" \/><figcaption class=\"caption wp-caption-text\">loi chatel<\/figcaption><\/figure>\n<p style=\"margin: 0cm; margin-bottom: .0001pt; text-align: justify; line-height: 150%;\"><span style=\"font-size: 11.0pt; line-height: 150%; font-family: 'Arial',sans-serif; color: #003366;\">Afin de mieux comprendre La loi Chatel, \u00a0<a href=\"https:\/\/myagencyinside.com\/maquettes\/protect-plus-assurances\/\">protect plus assurances<\/a> vous en explique le principe elle est entr\u00e9e en vigueur le 1er ao\u00fbt 2005. Elle a ajout\u00e9 au Code des Assurances et au Code de la Mutualit\u00e9 un article fondamental pour la libert\u00e9 de r\u00e9siliation des assur\u00e9s (<a href=\"http:\/\/www.legifrance.gouv.fr\/affichCodeArticle.do;jsessionid=C2CD78BDEC0E7BC40A157DE66F354FC7.tpdjo08v_2?idArticle=LEGIARTI000006792143&amp;cidTexte=LEGITEXT000006073984&amp;dateTexte=20110728\" target=\"_blank\" rel=\"noopener noreferrer nofollow\"><span style=\"color: #003366;\">article L. 113-15-1 du Code des Assurances<\/span><\/a>).<\/span><\/p>\n<p class=\"allabel\" style=\"margin: 0cm; margin-bottom: .0001pt; line-height: 150%; background: white;\"><span style=\"font-size: 11.0pt; line-height: 150%; font-family: 'Arial',sans-serif; color: #003366;\">Ce n&rsquo;est d\u00e9sormais plus le cas gr\u00e2ce \u00e0 la loi Ch\u00e2tel !<\/span><\/p>\n<p style=\"margin: 0cm; margin-bottom: .0001pt; line-height: 150%; background: white;\"><span style=\"font-size: 11.0pt; line-height: 150%; font-family: 'Arial',sans-serif; color: #003366;\">Les assureurs sont tenus d&rsquo;informer l&rsquo;assur\u00e9, <b>au plus t\u00f4t 3 mois et au plus tard 15 jours avant la date limite de r\u00e9siliation<\/b>, de la possibilit\u00e9 de ne pas reconduire le contrat.<br \/>\nSi vous recevez cet avis d&rsquo;\u00e9ch\u00e9ance moins de 15 jours avant la fin de la p\u00e9riode de r\u00e9siliation, ou m\u00eame apr\u00e8s cette date, vous disposez d&rsquo;un nouveau d\u00e9lai de 20 jours pour demander la r\u00e9siliation de votre contrat.<br \/>\nSi l&rsquo;avis n&rsquo;est pas re\u00e7u avant la date anniversaire, vous pouvez <b>r\u00e9silier votre contrat \u00e0 tout moment<\/b> et sans p\u00e9nalit\u00e9 \u00e0 compter de la date de reconduction. <\/span><!--more--><\/p>\n<p style=\"margin: 0cm; margin-bottom: .0001pt; line-height: 150%; background: white;\"><span class=\"allabel1\"><span style=\"font-size: 11.0pt; line-height: 150%; font-family: 'Arial',sans-serif; color: #003366;\">Attention !<\/span><\/span><span style=\"font-size: 11.0pt; line-height: 150%; font-family: 'Arial',sans-serif; color: #003366;\"> Votre assureur peut vous signaler cette \u00e9ch\u00e9ance par un courrier qui n&rsquo;a pas comme objet principal \u00ab Avis d&rsquo;\u00e9ch\u00e9ance \u00bb. L&rsquo;avis d&rsquo;\u00e9ch\u00e9ance sera souvent notifi\u00e9 en <b>petits caract\u00e8res<\/b>, au <b>bas de votre courrier<\/b>. La plupart du temps, il prendra m\u00eame la forme d&rsquo;un simple courrier indiquant le montant de la prime pour l&rsquo;ann\u00e9e \u00e0 venir. Il faut donc \u00eatre <b>extr\u00eamement vigilant<\/b> quand vous recevez un courrier de la part de votre assureur. <\/span><\/p>\n<p style=\"margin: 0cm; margin-bottom: .0001pt; line-height: 150%; background: white;\"><span class=\"allabel1\"><span style=\"font-size: 11.0pt; line-height: 150%; font-family: 'Arial',sans-serif; color: #003366;\">\u00a0<\/span><\/span><\/p>\n<p style=\"margin: 0cm; margin-bottom: .0001pt; line-height: 150%; background: white;\"><span class=\"allabel1\"><span style=\"font-size: 11.0pt; line-height: 150%; font-family: 'Arial',sans-serif; color: #003366;\">Pour bien comprendre la loi Chatel, prenons un exemple : <\/span><\/span><\/p>\n<p style=\"margin: 0cm; margin-bottom: .0001pt; line-height: 150%; background: white;\"><span style=\"font-size: 11.0pt; line-height: 150%; font-family: 'Arial',sans-serif; color: #003366;\"><br \/>\nLa date d&rsquo;anniversaire de mon contrat : <i>le 1er avril<\/i><br \/>\nLa date limite de r\u00e9siliation : <i>le 31 janvier (2 mois avant)<\/i> <\/span><\/p>\n<p style=\"margin: 0cm; margin-bottom: .0001pt; line-height: 150%; background: white;\"><b><span style=\"font-size: 11.0pt; line-height: 150%; font-family: 'Arial',sans-serif; color: #003366;\">Cas n\u00b01 : Vous avez re\u00e7u votre avis d&rsquo;\u00e9ch\u00e9ance avant le 16 janvier<\/span><\/b><span style=\"font-size: 11.0pt; line-height: 150%; font-family: 'Arial',sans-serif; color: #003366;\"><br \/>\nVous pouvez r\u00e9silier votre contrat jusqu&rsquo;au 31 janvier. Apr\u00e8s cette date, il sera trop tard pour \u00e9viter le renouvellement automatique. Sachez cependant qu&rsquo;il existe d&rsquo;autres motifs de r\u00e9siliation (changement de v\u00e9hicule, de situation, d\u00e9m\u00e9nagement, etc.).<br \/>\nPour conna\u00eetre les autres motifs de r\u00e9siliation, rendez-vous sur la page \u00ab\u00a0Tout savoir sur la r\u00e9siliation de contrat d&rsquo;assurance\u00a0\u00bb. <\/span><\/p>\n<p style=\"margin: 0cm; margin-bottom: .0001pt; line-height: 150%; background: white;\"><b><span style=\"font-size: 11.0pt; line-height: 150%; font-family: 'Arial',sans-serif; color: #003366;\">Cas n\u00b02 : Vous avez re\u00e7u votre avis d&rsquo;\u00e9ch\u00e9ance entre le 16 janvier et le 1er avril<\/span><\/b><span style=\"font-size: 11.0pt; line-height: 150%; font-family: 'Arial',sans-serif; color: #003366;\"><br \/>\nVous avez 20 jours pour r\u00e9silier votre contrat \u00e0 compter de la date d&rsquo;envoi de cette lettre. <\/span><\/p>\n<p style=\"margin: 0cm; margin-bottom: .0001pt; line-height: 150%; background: white;\"><b><span style=\"font-size: 11.0pt; line-height: 150%; font-family: 'Arial',sans-serif; color: #003366;\">Cas n\u00b03 : Vous ne recevez pas l&rsquo;avis d&rsquo;\u00e9ch\u00e9ance avant le 1er avril<\/span><\/b><span style=\"font-size: 11.0pt; line-height: 150%; font-family: 'Arial',sans-serif; color: #003366;\"><br \/>\nVous pourrez alors r\u00e9silier votre contrat \u00e0 tout moment \u00e0 compter de la date de reconduction, par lettre recommand\u00e9e \u00e0 l&rsquo;assureur. La r\u00e9siliation prendra effet le lendemain de la date figurant sur le cachet de la Poste. Dans ce cas de figure, l&rsquo;assur\u00e9 devra payer sa prime d&rsquo;assurance pour la p\u00e9riode allant de la date de reconduction \u00e0 la date de r\u00e9siliation. Si l&rsquo;assur\u00e9 a d\u00e9j\u00e0 pay\u00e9 une somme sup\u00e9rieure, l&rsquo;assureur a l&rsquo;obligation de le rembourser dans les 30 jours suivant sa r\u00e9siliation. S&rsquo;il ne le fait pas dans cette p\u00e9riode de temps, il devra verser en plus des int\u00e9r\u00eats. <\/span><\/p>\n","protected":false},"excerpt":{"rendered":"<p>Afin de mieux comprendre La loi Chatel, \u00a0protect plus assurances vous en explique le principe elle est entr\u00e9e en vigueur le 1er ao\u00fbt 2005. Elle a ajout\u00e9 au Code des Assurances et au Code de la Mutualit\u00e9 un article fondamental &hellip; <a href=\"https:\/\/myagencyinside.com\/maquettes\/protect-plus-assurances\/loi-chatel\/\">Read More<\/a> &hellip; <a href=\"https:\/\/myagencyinside.com\/maquettes\/protect-plus-assurances\/loi-chatel\/\">Read More<\/a><\/p>\n","protected":false},"author":4,"featured_media":0,"comment_status":"open","ping_status":"open","sticky":false,"template":"","format":"standard","meta":{"jetpack_post_was_ever_published":false,"_jetpack_newsletter_access":"","_jetpack_dont_email_post_to_subs":false,"_jetpack_newsletter_tier_id":0,"_jetpack_memberships_contains_paywalled_content":false,"_jetpack_memberships_contains_paid_content":false,"footnotes":""},"categories":[13,15,14],"tags":[58],"class_list":["post-1442","post","type-post","status-publish","format-standard","hentry","category-assurance-2-roues","category-assurance-automobile","category-assurance-habitation","tag-loi-chatel"],"yoast_head":"<!-- This site is optimized with the Yoast SEO Premium plugin v26.9 (Yoast SEO v27.2) - https:\/\/yoast.com\/product\/yoast-seo-premium-wordpress\/ -->\n<title>Qu&#039;est ce que La Loi CHATEL ? - Protect Plus Assurances<\/title>\n<meta name=\"description\" content=\"Afin de mieux comprendre La loi Chatel,\u00a0protect plus assurances vous en explique le principe elle est entr\u00e9e en vigueur le 1er ao\u00fbt 2005. Elle a ajout\u00e9 au Code des Assurances et au Code de la Mutualit\u00e9.\" \/>\n<meta name=\"robots\" content=\"index, follow, max-snippet:-1, max-image-preview:large, max-video-preview:-1\" \/>\n<link rel=\"canonical\" href=\"https:\/\/myagencyinside.com\/maquettes\/protect-plus-assurances\/loi-chatel\/\" \/>\n<meta property=\"og:locale\" content=\"fr_FR\" \/>\n<meta property=\"og:type\" content=\"article\" \/>\n<meta property=\"og:title\" content=\"Qu&#039;est ce que La Loi CHATEL ?\" \/>\n<meta property=\"og:description\" content=\"Afin de mieux comprendre La loi Chatel,\u00a0protect plus assurances vous en explique le principe elle est entr\u00e9e en vigueur le 1er ao\u00fbt 2005. Elle a ajout\u00e9 au Code des Assurances et au Code de la Mutualit\u00e9.\" \/>\n<meta property=\"og:url\" content=\"https:\/\/myagencyinside.com\/maquettes\/protect-plus-assurances\/loi-chatel\/\" \/>\n<meta property=\"og:site_name\" content=\"Protect Plus Assurances\" \/>\n<meta property=\"article:publisher\" content=\"https:\/\/www.facebook.com\/protectplusassurances\/\" \/>\n<meta property=\"article:published_time\" content=\"2016-07-22T16:31:17+00:00\" \/>\n<meta property=\"article:modified_time\" content=\"2021-01-02T10:55:55+00:00\" \/>\n<meta property=\"og:image\" content=\"http:\/\/protect-plus-assurances.fr\/wp-content\/uploads\/2016\/07\/27528310_l-300x139.jpg\" \/>\n<meta name=\"author\" content=\"Super Admin Protect\" \/>\n<meta name=\"twitter:card\" content=\"summary_large_image\" \/>\n<meta name=\"twitter:creator\" content=\"@protect_assu\" \/>\n<meta name=\"twitter:site\" content=\"@protect_assu\" \/>\n<meta name=\"twitter:label1\" content=\"\u00c9crit par\" \/>\n\t<meta name=\"twitter:data1\" content=\"Super Admin Protect\" \/>\n\t<meta name=\"twitter:label2\" content=\"Dur\u00e9e de lecture estim\u00e9e\" \/>\n\t<meta name=\"twitter:data2\" content=\"3 minutes\" \/>\n<script type=\"application\/ld+json\" class=\"yoast-schema-graph\">{\"@context\":\"https:\/\/schema.org\",\"@graph\":[{\"@type\":\"Article\",\"@id\":\"https:\/\/myagencyinside.com\/maquettes\/protect-plus-assurances\/loi-chatel\/#article\",\"isPartOf\":{\"@id\":\"https:\/\/myagencyinside.com\/maquettes\/protect-plus-assurances\/loi-chatel\/\"},\"author\":{\"name\":\"Super Admin Protect\",\"@id\":\"https:\/\/myagencyinside.com\/maquettes\/protect-plus-assurances\/#\/schema\/person\/e6cf68091b545fe3ec7b0d576a2c8957\"},\"headline\":\"Qu&rsquo;est ce que La Loi CHATEL ?\",\"datePublished\":\"2016-07-22T16:31:17+00:00\",\"dateModified\":\"2021-01-02T10:55:55+00:00\",\"mainEntityOfPage\":{\"@id\":\"https:\/\/myagencyinside.com\/maquettes\/protect-plus-assurances\/loi-chatel\/\"},\"wordCount\":552,\"commentCount\":0,\"publisher\":{\"@id\":\"https:\/\/myagencyinside.com\/maquettes\/protect-plus-assurances\/#organization\"},\"image\":{\"@id\":\"https:\/\/myagencyinside.com\/maquettes\/protect-plus-assurances\/loi-chatel\/#primaryimage\"},\"thumbnailUrl\":\"http:\/\/protect-plus-assurances.fr\/wp-content\/uploads\/2016\/07\/27528310_l-300x139.jpg\",\"keywords\":[\"loi chatel\"],\"articleSection\":[\"Assurance 2 roues\",\"Assurance Automobile\",\"Assurance Habitation\"],\"inLanguage\":\"fr-FR\"},{\"@type\":\"WebPage\",\"@id\":\"https:\/\/myagencyinside.com\/maquettes\/protect-plus-assurances\/loi-chatel\/\",\"url\":\"https:\/\/myagencyinside.com\/maquettes\/protect-plus-assurances\/loi-chatel\/\",\"name\":\"Qu'est ce que La Loi CHATEL ? - Protect Plus Assurances\",\"isPartOf\":{\"@id\":\"https:\/\/myagencyinside.com\/maquettes\/protect-plus-assurances\/#website\"},\"primaryImageOfPage\":{\"@id\":\"https:\/\/myagencyinside.com\/maquettes\/protect-plus-assurances\/loi-chatel\/#primaryimage\"},\"image\":{\"@id\":\"https:\/\/myagencyinside.com\/maquettes\/protect-plus-assurances\/loi-chatel\/#primaryimage\"},\"thumbnailUrl\":\"http:\/\/protect-plus-assurances.fr\/wp-content\/uploads\/2016\/07\/27528310_l-300x139.jpg\",\"datePublished\":\"2016-07-22T16:31:17+00:00\",\"dateModified\":\"2021-01-02T10:55:55+00:00\",\"description\":\"Afin de mieux comprendre La loi Chatel,\u00a0protect plus assurances vous en explique le principe elle est entr\u00e9e en vigueur le 1er ao\u00fbt 2005. Elle a ajout\u00e9 au Code des Assurances et au Code de la Mutualit\u00e9.\",\"breadcrumb\":{\"@id\":\"https:\/\/myagencyinside.com\/maquettes\/protect-plus-assurances\/loi-chatel\/#breadcrumb\"},\"inLanguage\":\"fr-FR\",\"potentialAction\":[{\"@type\":\"ReadAction\",\"target\":[\"https:\/\/myagencyinside.com\/maquettes\/protect-plus-assurances\/loi-chatel\/\"]}]},{\"@type\":\"ImageObject\",\"inLanguage\":\"fr-FR\",\"@id\":\"https:\/\/myagencyinside.com\/maquettes\/protect-plus-assurances\/loi-chatel\/#primaryimage\",\"url\":\"http:\/\/protect-plus-assurances.fr\/wp-content\/uploads\/2016\/07\/27528310_l-300x139.jpg\",\"contentUrl\":\"http:\/\/protect-plus-assurances.fr\/wp-content\/uploads\/2016\/07\/27528310_l-300x139.jpg\"},{\"@type\":\"BreadcrumbList\",\"@id\":\"https:\/\/myagencyinside.com\/maquettes\/protect-plus-assurances\/loi-chatel\/#breadcrumb\",\"itemListElement\":[{\"@type\":\"ListItem\",\"position\":1,\"name\":\"Accueil\",\"item\":\"https:\/\/myagencyinside.com\/maquettes\/protect-plus-assurances\/\"},{\"@type\":\"ListItem\",\"position\":2,\"name\":\"Qu&rsquo;est ce que La Loi CHATEL ?\"}]},{\"@type\":\"WebSite\",\"@id\":\"https:\/\/myagencyinside.com\/maquettes\/protect-plus-assurances\/#website\",\"url\":\"https:\/\/myagencyinside.com\/maquettes\/protect-plus-assurances\/\",\"name\":\"Protect Plus Assurances\",\"description\":\"Une assurance au meilleur prix\",\"publisher\":{\"@id\":\"https:\/\/myagencyinside.com\/maquettes\/protect-plus-assurances\/#organization\"},\"potentialAction\":[{\"@type\":\"SearchAction\",\"target\":{\"@type\":\"EntryPoint\",\"urlTemplate\":\"https:\/\/myagencyinside.com\/maquettes\/protect-plus-assurances\/?s={search_term_string}\"},\"query-input\":{\"@type\":\"PropertyValueSpecification\",\"valueRequired\":true,\"valueName\":\"search_term_string\"}}],\"inLanguage\":\"fr-FR\"},{\"@type\":\"Organization\",\"@id\":\"https:\/\/myagencyinside.com\/maquettes\/protect-plus-assurances\/#organization\",\"name\":\"protect plus assurances\",\"url\":\"https:\/\/myagencyinside.com\/maquettes\/protect-plus-assurances\/\",\"logo\":{\"@type\":\"ImageObject\",\"inLanguage\":\"fr-FR\",\"@id\":\"https:\/\/myagencyinside.com\/maquettes\/protect-plus-assurances\/#\/schema\/logo\/image\/\",\"url\":\"https:\/\/protect-plus-assurances.fr\/wp-content\/uploads\/2021\/05\/output-onlinepngtools.png\",\"contentUrl\":\"https:\/\/protect-plus-assurances.fr\/wp-content\/uploads\/2021\/05\/output-onlinepngtools.png\",\"width\":295,\"height\":74,\"caption\":\"protect plus assurances\"},\"image\":{\"@id\":\"https:\/\/myagencyinside.com\/maquettes\/protect-plus-assurances\/#\/schema\/logo\/image\/\"},\"sameAs\":[\"https:\/\/www.facebook.com\/protectplusassurances\/\",\"https:\/\/x.com\/protect_assu\",\"https:\/\/www.linkedin.com\/company\/protect-assurances\",\"https:\/\/www.youtube.com\/channel\/UCoRo994H19PK9HqaTd7y0tg\"]},{\"@type\":\"Person\",\"@id\":\"https:\/\/myagencyinside.com\/maquettes\/protect-plus-assurances\/#\/schema\/person\/e6cf68091b545fe3ec7b0d576a2c8957\",\"name\":\"Super Admin Protect\",\"sameAs\":[\"https:\/\/protect-plus-assurances.fr\"],\"url\":\"https:\/\/myagencyinside.com\/maquettes\/protect-plus-assurances\"}]}<\/script>\n<!-- \/ Yoast SEO Premium plugin. -->","yoast_head_json":{"title":"Qu'est ce que La Loi CHATEL ? - Protect Plus Assurances","description":"Afin de mieux comprendre La loi Chatel,\u00a0protect plus assurances vous en explique le principe elle est entr\u00e9e en vigueur le 1er ao\u00fbt 2005. Elle a ajout\u00e9 au Code des Assurances et au Code de la Mutualit\u00e9.","robots":{"index":"index","follow":"follow","max-snippet":"max-snippet:-1","max-image-preview":"max-image-preview:large","max-video-preview":"max-video-preview:-1"},"canonical":"https:\/\/myagencyinside.com\/maquettes\/protect-plus-assurances\/loi-chatel\/","og_locale":"fr_FR","og_type":"article","og_title":"Qu'est ce que La Loi CHATEL ?","og_description":"Afin de mieux comprendre La loi Chatel,\u00a0protect plus assurances vous en explique le principe elle est entr\u00e9e en vigueur le 1er ao\u00fbt 2005. Elle a ajout\u00e9 au Code des Assurances et au Code de la Mutualit\u00e9.","og_url":"https:\/\/myagencyinside.com\/maquettes\/protect-plus-assurances\/loi-chatel\/","og_site_name":"Protect Plus Assurances","article_publisher":"https:\/\/www.facebook.com\/protectplusassurances\/","article_published_time":"2016-07-22T16:31:17+00:00","article_modified_time":"2021-01-02T10:55:55+00:00","og_image":[{"url":"http:\/\/protect-plus-assurances.fr\/wp-content\/uploads\/2016\/07\/27528310_l-300x139.jpg","type":"","width":"","height":""}],"author":"Super Admin Protect","twitter_card":"summary_large_image","twitter_creator":"@protect_assu","twitter_site":"@protect_assu","twitter_misc":{"\u00c9crit par":"Super Admin Protect","Dur\u00e9e de lecture estim\u00e9e":"3 minutes"},"schema":{"@context":"https:\/\/schema.org","@graph":[{"@type":"Article","@id":"https:\/\/myagencyinside.com\/maquettes\/protect-plus-assurances\/loi-chatel\/#article","isPartOf":{"@id":"https:\/\/myagencyinside.com\/maquettes\/protect-plus-assurances\/loi-chatel\/"},"author":{"name":"Super Admin Protect","@id":"https:\/\/myagencyinside.com\/maquettes\/protect-plus-assurances\/#\/schema\/person\/e6cf68091b545fe3ec7b0d576a2c8957"},"headline":"Qu&rsquo;est ce que La Loi CHATEL ?","datePublished":"2016-07-22T16:31:17+00:00","dateModified":"2021-01-02T10:55:55+00:00","mainEntityOfPage":{"@id":"https:\/\/myagencyinside.com\/maquettes\/protect-plus-assurances\/loi-chatel\/"},"wordCount":552,"commentCount":0,"publisher":{"@id":"https:\/\/myagencyinside.com\/maquettes\/protect-plus-assurances\/#organization"},"image":{"@id":"https:\/\/myagencyinside.com\/maquettes\/protect-plus-assurances\/loi-chatel\/#primaryimage"},"thumbnailUrl":"http:\/\/protect-plus-assurances.fr\/wp-content\/uploads\/2016\/07\/27528310_l-300x139.jpg","keywords":["loi chatel"],"articleSection":["Assurance 2 roues","Assurance Automobile","Assurance Habitation"],"inLanguage":"fr-FR"},{"@type":"WebPage","@id":"https:\/\/myagencyinside.com\/maquettes\/protect-plus-assurances\/loi-chatel\/","url":"https:\/\/myagencyinside.com\/maquettes\/protect-plus-assurances\/loi-chatel\/","name":"Qu'est ce que La Loi CHATEL ? - Protect Plus Assurances","isPartOf":{"@id":"https:\/\/myagencyinside.com\/maquettes\/protect-plus-assurances\/#website"},"primaryImageOfPage":{"@id":"https:\/\/myagencyinside.com\/maquettes\/protect-plus-assurances\/loi-chatel\/#primaryimage"},"image":{"@id":"https:\/\/myagencyinside.com\/maquettes\/protect-plus-assurances\/loi-chatel\/#primaryimage"},"thumbnailUrl":"http:\/\/protect-plus-assurances.fr\/wp-content\/uploads\/2016\/07\/27528310_l-300x139.jpg","datePublished":"2016-07-22T16:31:17+00:00","dateModified":"2021-01-02T10:55:55+00:00","description":"Afin de mieux comprendre La loi Chatel,\u00a0protect plus assurances vous en explique le principe elle est entr\u00e9e en vigueur le 1er ao\u00fbt 2005. Elle a ajout\u00e9 au Code des Assurances et au Code de la Mutualit\u00e9.","breadcrumb":{"@id":"https:\/\/myagencyinside.com\/maquettes\/protect-plus-assurances\/loi-chatel\/#breadcrumb"},"inLanguage":"fr-FR","potentialAction":[{"@type":"ReadAction","target":["https:\/\/myagencyinside.com\/maquettes\/protect-plus-assurances\/loi-chatel\/"]}]},{"@type":"ImageObject","inLanguage":"fr-FR","@id":"https:\/\/myagencyinside.com\/maquettes\/protect-plus-assurances\/loi-chatel\/#primaryimage","url":"http:\/\/protect-plus-assurances.fr\/wp-content\/uploads\/2016\/07\/27528310_l-300x139.jpg","contentUrl":"http:\/\/protect-plus-assurances.fr\/wp-content\/uploads\/2016\/07\/27528310_l-300x139.jpg"},{"@type":"BreadcrumbList","@id":"https:\/\/myagencyinside.com\/maquettes\/protect-plus-assurances\/loi-chatel\/#breadcrumb","itemListElement":[{"@type":"ListItem","position":1,"name":"Accueil","item":"https:\/\/myagencyinside.com\/maquettes\/protect-plus-assurances\/"},{"@type":"ListItem","position":2,"name":"Qu&rsquo;est ce que La Loi CHATEL ?"}]},{"@type":"WebSite","@id":"https:\/\/myagencyinside.com\/maquettes\/protect-plus-assurances\/#website","url":"https:\/\/myagencyinside.com\/maquettes\/protect-plus-assurances\/","name":"Protect Plus Assurances","description":"Une assurance au meilleur prix","publisher":{"@id":"https:\/\/myagencyinside.com\/maquettes\/protect-plus-assurances\/#organization"},"potentialAction":[{"@type":"SearchAction","target":{"@type":"EntryPoint","urlTemplate":"https:\/\/myagencyinside.com\/maquettes\/protect-plus-assurances\/?s={search_term_string}"},"query-input":{"@type":"PropertyValueSpecification","valueRequired":true,"valueName":"search_term_string"}}],"inLanguage":"fr-FR"},{"@type":"Organization","@id":"https:\/\/myagencyinside.com\/maquettes\/protect-plus-assurances\/#organization","name":"protect plus assurances","url":"https:\/\/myagencyinside.com\/maquettes\/protect-plus-assurances\/","logo":{"@type":"ImageObject","inLanguage":"fr-FR","@id":"https:\/\/myagencyinside.com\/maquettes\/protect-plus-assurances\/#\/schema\/logo\/image\/","url":"https:\/\/protect-plus-assurances.fr\/wp-content\/uploads\/2021\/05\/output-onlinepngtools.png","contentUrl":"https:\/\/protect-plus-assurances.fr\/wp-content\/uploads\/2021\/05\/output-onlinepngtools.png","width":295,"height":74,"caption":"protect plus assurances"},"image":{"@id":"https:\/\/myagencyinside.com\/maquettes\/protect-plus-assurances\/#\/schema\/logo\/image\/"},"sameAs":["https:\/\/www.facebook.com\/protectplusassurances\/","https:\/\/x.com\/protect_assu","https:\/\/www.linkedin.com\/company\/protect-assurances","https:\/\/www.youtube.com\/channel\/UCoRo994H19PK9HqaTd7y0tg"]},{"@type":"Person","@id":"https:\/\/myagencyinside.com\/maquettes\/protect-plus-assurances\/#\/schema\/person\/e6cf68091b545fe3ec7b0d576a2c8957","name":"Super Admin Protect","sameAs":["https:\/\/protect-plus-assurances.fr"],"url":"https:\/\/myagencyinside.com\/maquettes\/protect-plus-assurances"}]}},"jetpack_featured_media_url":"","jetpack_sharing_enabled":true,"_links":{"self":[{"href":"https:\/\/myagencyinside.com\/maquettes\/protect-plus-assurances\/wp-json\/wp\/v2\/posts\/1442","targetHints":{"allow":["GET"]}}],"collection":[{"href":"https:\/\/myagencyinside.com\/maquettes\/protect-plus-assurances\/wp-json\/wp\/v2\/posts"}],"about":[{"href":"https:\/\/myagencyinside.com\/maquettes\/protect-plus-assurances\/wp-json\/wp\/v2\/types\/post"}],"author":[{"embeddable":true,"href":"https:\/\/myagencyinside.com\/maquettes\/protect-plus-assurances\/wp-json\/wp\/v2\/users\/4"}],"replies":[{"embeddable":true,"href":"https:\/\/myagencyinside.com\/maquettes\/protect-plus-assurances\/wp-json\/wp\/v2\/comments?post=1442"}],"version-history":[{"count":0,"href":"https:\/\/myagencyinside.com\/maquettes\/protect-plus-assurances\/wp-json\/wp\/v2\/posts\/1442\/revisions"}],"wp:attachment":[{"href":"https:\/\/myagencyinside.com\/maquettes\/protect-plus-assurances\/wp-json\/wp\/v2\/media?parent=1442"}],"wp:term":[{"taxonomy":"category","embeddable":true,"href":"https:\/\/myagencyinside.com\/maquettes\/protect-plus-assurances\/wp-json\/wp\/v2\/categories?post=1442"},{"taxonomy":"post_tag","embeddable":true,"href":"https:\/\/myagencyinside.com\/maquettes\/protect-plus-assurances\/wp-json\/wp\/v2\/tags?post=1442"}],"curies":[{"name":"wp","href":"https:\/\/api.w.org\/{rel}","templated":true}]}}