{"id":1507,"date":"2016-08-20T19:26:23","date_gmt":"2016-08-20T18:26:23","guid":{"rendered":"http:\/\/v2.protect-plus-assurances.fr\/?p=1507"},"modified":"2020-12-23T10:41:08","modified_gmt":"2020-12-23T09:41:08","slug":"assurance-moto","status":"publish","type":"post","link":"https:\/\/myagencyinside.com\/maquettes\/protect-plus-assurances\/assurance-moto\/","title":{"rendered":"Assurance Moto"},"content":{"rendered":"<p><img data-recalc-dims=\"1\" decoding=\"async\" class=\"alignleft size-thumbnail wp-image-1518\" src=\"https:\/\/i0.wp.com\/protect-plus-assurances.fr\/wp-content\/uploads\/2016\/08\/30442708_l-150x150.jpg?resize=150%2C150\" alt=\"assurance moto\" width=\"150\" height=\"150\" srcset=\"https:\/\/i0.wp.com\/myagencyinside.com\/maquettes\/protect-plus-assurances\/wp-content\/uploads\/2016\/08\/30442708_l.jpg?resize=150%2C150&amp;ssl=1 150w, https:\/\/i0.wp.com\/myagencyinside.com\/maquettes\/protect-plus-assurances\/wp-content\/uploads\/2016\/08\/30442708_l.jpg?zoom=2&amp;resize=150%2C150&amp;ssl=1 300w, https:\/\/i0.wp.com\/myagencyinside.com\/maquettes\/protect-plus-assurances\/wp-content\/uploads\/2016\/08\/30442708_l.jpg?zoom=3&amp;resize=150%2C150&amp;ssl=1 450w\" sizes=\"(max-width: 150px) 100vw, 150px\" \/>Avec Protect plus assurances \u00e0 partir de 23 \u20ac pour tous les conducteurs \u00e0 partir de 18 ans nous acceptons toutes les motos et maxi scooter\u00a0avec notre offre <a href=\"https:\/\/myagencyinside.com\/maquettes\/protect-plus-assurances\/devis-assurance-moto-2-roues\/\">assurance moto<\/a> vous \u00eates s\u00fbre de trouver le produit qui correspond \u00e0 vos besoins et \u00e0 votre profil il est important de noter que nous proposons avec notre offre une prise d&rsquo;effet imm\u00e9diate avec d\u00e9livrance d&rsquo;une carte verte provisoire d&rsquo;un mois ( attestation d&rsquo;assurance ) imm\u00e9diatement et en ligne via notre site ou directement avec un de nos assureurs conseils en appelant notre service de souscription en ligne au 01 85 095 095 et nous couvrons toute la France.<\/p>\n<p>Les avantage de notre assurance pour tous les profils ainsi que pour toutes les Cylindr\u00e9es \u00e0 partir de 125cc.<!--more--><\/p>\n<p>Cible assurance moto :<\/p>\n<p>*\u2003R\u00e9sili\u00e9s par leur pr\u00e9c\u00e9dent assureur, quel que soit le motif de r\u00e9siliation<br \/>\n*\u2003Maluss\u00e9s : jusqu\u2019\u00e0 5 sinistres dans les 36 derniers mois et\/ou avec un malus<br \/>\n*\u2003Avec une suspension de permis<\/p>\n<p>Les Plus produit<\/p>\n<p>*\u2003Tarifs d\u2019assurance calcul\u00e9s au plus juste<br \/>\n*\u2003Garanties modulables selon les besoins du pilote<br \/>\n*\u2003<a href=\"https:\/\/www.legifrance.gouv.fr\/codes\/id\/LEGISCTA000006175427\/2020-12-23\/\" target=\"_blank\" rel=\"noopener noreferrer nofollow\">Franchises<\/a> Minor\u00e9s<br \/>\n*\u2003Garantie Accessoires et \u00e9quipement<br \/>\n*\u2003Toute Les moto sportive, routi\u00e8re quelque sois le mod\u00e8le ou la marque ainsi que les maxi scooter<br \/>\n*\u2003Reprise du bonus auto pour b\u00e9n\u00e9ficier d\u2019un meilleur tarif.<br \/>\n*\u2003Garanties sur-mesure et des tarifs comp\u00e9titifs.<br \/>\n*\u2003Garantie Assistance performante sans franchise kilom\u00e9trique.<br \/>\n*\u2003Garantie du pilote et du passager \u00e0 partir de la Formule Eco<br \/>\n*\u2003Protection Juridique en inclusion<\/p>\n<p><a href=\"http:\/\/protect-plus-assurances.fr\/devis-assurance-moto-2-roues\/\" target=\"_blank\" rel=\"noopener noreferrer nofollow\"><b><u>DEVIS GRATUIT EN LIGNE<\/u><\/b><\/a><\/p>\n","protected":false},"excerpt":{"rendered":"<p>Avec Protect plus assurances \u00e0 partir de 23 \u20ac pour tous les conducteurs \u00e0 partir de 18 ans nous acceptons toutes les motos et maxi scooter\u00a0avec notre offre assurance moto vous \u00eates s\u00fbre de trouver le produit qui correspond \u00e0 &hellip; <a href=\"https:\/\/myagencyinside.com\/maquettes\/protect-plus-assurances\/assurance-moto\/\">Read More<\/a> &hellip; <a href=\"https:\/\/myagencyinside.com\/maquettes\/protect-plus-assurances\/assurance-moto\/\">Read More<\/a><\/p>\n","protected":false},"author":4,"featured_media":0,"comment_status":"open","ping_status":"open","sticky":false,"template":"","format":"standard","meta":{"jetpack_post_was_ever_published":false,"_jetpack_newsletter_access":"","_jetpack_dont_email_post_to_subs":false,"_jetpack_newsletter_tier_id":0,"_jetpack_memberships_contains_paywalled_content":false,"_jetpack_memberships_contains_paid_content":false,"footnotes":""},"categories":[13],"tags":[72],"class_list":["post-1507","post","type-post","status-publish","format-standard","hentry","category-assurance-2-roues","tag-assurance-moto"],"yoast_head":"<!-- This site is optimized with the Yoast SEO Premium plugin v26.9 (Yoast SEO v27.2) - https:\/\/yoast.com\/product\/yoast-seo-premium-wordpress\/ -->\n<title>Assurance Moto - Protect Plus Assurances<\/title>\n<meta name=\"description\" content=\"Votre assurance moto avec Protect plus assurances \u00e0 partir de 23 \u20ac pour tous les conducteurs \u00e0 partir de 18 ans nous acceptons toutes les motos\" \/>\n<meta name=\"robots\" content=\"index, follow, max-snippet:-1, max-image-preview:large, max-video-preview:-1\" \/>\n<link rel=\"canonical\" href=\"https:\/\/myagencyinside.com\/maquettes\/protect-plus-assurances\/assurance-moto\/\" \/>\n<meta property=\"og:locale\" content=\"fr_FR\" \/>\n<meta property=\"og:type\" content=\"article\" \/>\n<meta property=\"og:title\" content=\"Assurance Moto\" \/>\n<meta property=\"og:description\" content=\"Votre assurance moto avec Protect plus assurances \u00e0 partir de 23 \u20ac pour tous les conducteurs \u00e0 partir de 18 ans nous acceptons toutes les motos\" \/>\n<meta property=\"og:url\" content=\"https:\/\/myagencyinside.com\/maquettes\/protect-plus-assurances\/assurance-moto\/\" \/>\n<meta property=\"og:site_name\" content=\"Protect Plus Assurances\" \/>\n<meta property=\"article:publisher\" content=\"https:\/\/www.facebook.com\/protectplusassurances\/\" \/>\n<meta property=\"article:published_time\" content=\"2016-08-20T18:26:23+00:00\" \/>\n<meta property=\"article:modified_time\" content=\"2020-12-23T09:41:08+00:00\" \/>\n<meta property=\"og:image\" content=\"http:\/\/protect-plus-assurances.fr\/wp-content\/uploads\/2016\/08\/30442708_l-150x150.jpg\" \/>\n<meta name=\"author\" content=\"Super Admin Protect\" \/>\n<meta name=\"twitter:card\" content=\"summary_large_image\" \/>\n<meta name=\"twitter:creator\" content=\"@protect_assu\" \/>\n<meta name=\"twitter:site\" content=\"@protect_assu\" \/>\n<meta name=\"twitter:label1\" content=\"\u00c9crit par\" \/>\n\t<meta name=\"twitter:data1\" content=\"Super Admin Protect\" \/>\n\t<meta name=\"twitter:label2\" content=\"Dur\u00e9e de lecture estim\u00e9e\" \/>\n\t<meta name=\"twitter:data2\" content=\"1 minute\" \/>\n<script type=\"application\/ld+json\" class=\"yoast-schema-graph\">{\"@context\":\"https:\/\/schema.org\",\"@graph\":[{\"@type\":\"Article\",\"@id\":\"https:\/\/myagencyinside.com\/maquettes\/protect-plus-assurances\/assurance-moto\/#article\",\"isPartOf\":{\"@id\":\"https:\/\/myagencyinside.com\/maquettes\/protect-plus-assurances\/assurance-moto\/\"},\"author\":{\"name\":\"Super Admin Protect\",\"@id\":\"https:\/\/myagencyinside.com\/maquettes\/protect-plus-assurances\/#\/schema\/person\/e6cf68091b545fe3ec7b0d576a2c8957\"},\"headline\":\"Assurance Moto\",\"datePublished\":\"2016-08-20T18:26:23+00:00\",\"dateModified\":\"2020-12-23T09:41:08+00:00\",\"mainEntityOfPage\":{\"@id\":\"https:\/\/myagencyinside.com\/maquettes\/protect-plus-assurances\/assurance-moto\/\"},\"wordCount\":251,\"commentCount\":0,\"publisher\":{\"@id\":\"https:\/\/myagencyinside.com\/maquettes\/protect-plus-assurances\/#organization\"},\"image\":{\"@id\":\"https:\/\/myagencyinside.com\/maquettes\/protect-plus-assurances\/assurance-moto\/#primaryimage\"},\"thumbnailUrl\":\"http:\/\/protect-plus-assurances.fr\/wp-content\/uploads\/2016\/08\/30442708_l-150x150.jpg\",\"keywords\":[\"Assurance moto\"],\"articleSection\":[\"Assurance 2 roues\"],\"inLanguage\":\"fr-FR\"},{\"@type\":\"WebPage\",\"@id\":\"https:\/\/myagencyinside.com\/maquettes\/protect-plus-assurances\/assurance-moto\/\",\"url\":\"https:\/\/myagencyinside.com\/maquettes\/protect-plus-assurances\/assurance-moto\/\",\"name\":\"Assurance Moto - Protect Plus Assurances\",\"isPartOf\":{\"@id\":\"https:\/\/myagencyinside.com\/maquettes\/protect-plus-assurances\/#website\"},\"primaryImageOfPage\":{\"@id\":\"https:\/\/myagencyinside.com\/maquettes\/protect-plus-assurances\/assurance-moto\/#primaryimage\"},\"image\":{\"@id\":\"https:\/\/myagencyinside.com\/maquettes\/protect-plus-assurances\/assurance-moto\/#primaryimage\"},\"thumbnailUrl\":\"http:\/\/protect-plus-assurances.fr\/wp-content\/uploads\/2016\/08\/30442708_l-150x150.jpg\",\"datePublished\":\"2016-08-20T18:26:23+00:00\",\"dateModified\":\"2020-12-23T09:41:08+00:00\",\"description\":\"Votre assurance moto avec Protect plus assurances \u00e0 partir de 23 \u20ac pour tous les conducteurs \u00e0 partir de 18 ans nous acceptons toutes les motos\",\"breadcrumb\":{\"@id\":\"https:\/\/myagencyinside.com\/maquettes\/protect-plus-assurances\/assurance-moto\/#breadcrumb\"},\"inLanguage\":\"fr-FR\",\"potentialAction\":[{\"@type\":\"ReadAction\",\"target\":[\"https:\/\/myagencyinside.com\/maquettes\/protect-plus-assurances\/assurance-moto\/\"]}]},{\"@type\":\"ImageObject\",\"inLanguage\":\"fr-FR\",\"@id\":\"https:\/\/myagencyinside.com\/maquettes\/protect-plus-assurances\/assurance-moto\/#primaryimage\",\"url\":\"http:\/\/protect-plus-assurances.fr\/wp-content\/uploads\/2016\/08\/30442708_l-150x150.jpg\",\"contentUrl\":\"http:\/\/protect-plus-assurances.fr\/wp-content\/uploads\/2016\/08\/30442708_l-150x150.jpg\"},{\"@type\":\"BreadcrumbList\",\"@id\":\"https:\/\/myagencyinside.com\/maquettes\/protect-plus-assurances\/assurance-moto\/#breadcrumb\",\"itemListElement\":[{\"@type\":\"ListItem\",\"position\":1,\"name\":\"Accueil\",\"item\":\"https:\/\/myagencyinside.com\/maquettes\/protect-plus-assurances\/\"},{\"@type\":\"ListItem\",\"position\":2,\"name\":\"Assurance Moto\"}]},{\"@type\":\"WebSite\",\"@id\":\"https:\/\/myagencyinside.com\/maquettes\/protect-plus-assurances\/#website\",\"url\":\"https:\/\/myagencyinside.com\/maquettes\/protect-plus-assurances\/\",\"name\":\"Protect Plus Assurances\",\"description\":\"Une assurance au meilleur prix\",\"publisher\":{\"@id\":\"https:\/\/myagencyinside.com\/maquettes\/protect-plus-assurances\/#organization\"},\"potentialAction\":[{\"@type\":\"SearchAction\",\"target\":{\"@type\":\"EntryPoint\",\"urlTemplate\":\"https:\/\/myagencyinside.com\/maquettes\/protect-plus-assurances\/?s={search_term_string}\"},\"query-input\":{\"@type\":\"PropertyValueSpecification\",\"valueRequired\":true,\"valueName\":\"search_term_string\"}}],\"inLanguage\":\"fr-FR\"},{\"@type\":\"Organization\",\"@id\":\"https:\/\/myagencyinside.com\/maquettes\/protect-plus-assurances\/#organization\",\"name\":\"protect plus assurances\",\"url\":\"https:\/\/myagencyinside.com\/maquettes\/protect-plus-assurances\/\",\"logo\":{\"@type\":\"ImageObject\",\"inLanguage\":\"fr-FR\",\"@id\":\"https:\/\/myagencyinside.com\/maquettes\/protect-plus-assurances\/#\/schema\/logo\/image\/\",\"url\":\"https:\/\/protect-plus-assurances.fr\/wp-content\/uploads\/2021\/05\/output-onlinepngtools.png\",\"contentUrl\":\"https:\/\/protect-plus-assurances.fr\/wp-content\/uploads\/2021\/05\/output-onlinepngtools.png\",\"width\":295,\"height\":74,\"caption\":\"protect plus assurances\"},\"image\":{\"@id\":\"https:\/\/myagencyinside.com\/maquettes\/protect-plus-assurances\/#\/schema\/logo\/image\/\"},\"sameAs\":[\"https:\/\/www.facebook.com\/protectplusassurances\/\",\"https:\/\/x.com\/protect_assu\",\"https:\/\/www.linkedin.com\/company\/protect-assurances\",\"https:\/\/www.youtube.com\/channel\/UCoRo994H19PK9HqaTd7y0tg\"]},{\"@type\":\"Person\",\"@id\":\"https:\/\/myagencyinside.com\/maquettes\/protect-plus-assurances\/#\/schema\/person\/e6cf68091b545fe3ec7b0d576a2c8957\",\"name\":\"Super Admin Protect\",\"sameAs\":[\"https:\/\/protect-plus-assurances.fr\"],\"url\":\"https:\/\/myagencyinside.com\/maquettes\/protect-plus-assurances\"}]}<\/script>\n<!-- \/ Yoast SEO Premium plugin. -->","yoast_head_json":{"title":"Assurance Moto - Protect Plus Assurances","description":"Votre assurance moto avec Protect plus assurances \u00e0 partir de 23 \u20ac pour tous les conducteurs \u00e0 partir de 18 ans nous acceptons toutes les motos","robots":{"index":"index","follow":"follow","max-snippet":"max-snippet:-1","max-image-preview":"max-image-preview:large","max-video-preview":"max-video-preview:-1"},"canonical":"https:\/\/myagencyinside.com\/maquettes\/protect-plus-assurances\/assurance-moto\/","og_locale":"fr_FR","og_type":"article","og_title":"Assurance Moto","og_description":"Votre assurance moto avec Protect plus assurances \u00e0 partir de 23 \u20ac pour tous les conducteurs \u00e0 partir de 18 ans nous acceptons toutes les motos","og_url":"https:\/\/myagencyinside.com\/maquettes\/protect-plus-assurances\/assurance-moto\/","og_site_name":"Protect Plus Assurances","article_publisher":"https:\/\/www.facebook.com\/protectplusassurances\/","article_published_time":"2016-08-20T18:26:23+00:00","article_modified_time":"2020-12-23T09:41:08+00:00","og_image":[{"url":"http:\/\/protect-plus-assurances.fr\/wp-content\/uploads\/2016\/08\/30442708_l-150x150.jpg","type":"","width":"","height":""}],"author":"Super Admin Protect","twitter_card":"summary_large_image","twitter_creator":"@protect_assu","twitter_site":"@protect_assu","twitter_misc":{"\u00c9crit par":"Super Admin Protect","Dur\u00e9e de lecture estim\u00e9e":"1 minute"},"schema":{"@context":"https:\/\/schema.org","@graph":[{"@type":"Article","@id":"https:\/\/myagencyinside.com\/maquettes\/protect-plus-assurances\/assurance-moto\/#article","isPartOf":{"@id":"https:\/\/myagencyinside.com\/maquettes\/protect-plus-assurances\/assurance-moto\/"},"author":{"name":"Super Admin Protect","@id":"https:\/\/myagencyinside.com\/maquettes\/protect-plus-assurances\/#\/schema\/person\/e6cf68091b545fe3ec7b0d576a2c8957"},"headline":"Assurance Moto","datePublished":"2016-08-20T18:26:23+00:00","dateModified":"2020-12-23T09:41:08+00:00","mainEntityOfPage":{"@id":"https:\/\/myagencyinside.com\/maquettes\/protect-plus-assurances\/assurance-moto\/"},"wordCount":251,"commentCount":0,"publisher":{"@id":"https:\/\/myagencyinside.com\/maquettes\/protect-plus-assurances\/#organization"},"image":{"@id":"https:\/\/myagencyinside.com\/maquettes\/protect-plus-assurances\/assurance-moto\/#primaryimage"},"thumbnailUrl":"http:\/\/protect-plus-assurances.fr\/wp-content\/uploads\/2016\/08\/30442708_l-150x150.jpg","keywords":["Assurance moto"],"articleSection":["Assurance 2 roues"],"inLanguage":"fr-FR"},{"@type":"WebPage","@id":"https:\/\/myagencyinside.com\/maquettes\/protect-plus-assurances\/assurance-moto\/","url":"https:\/\/myagencyinside.com\/maquettes\/protect-plus-assurances\/assurance-moto\/","name":"Assurance Moto - Protect Plus Assurances","isPartOf":{"@id":"https:\/\/myagencyinside.com\/maquettes\/protect-plus-assurances\/#website"},"primaryImageOfPage":{"@id":"https:\/\/myagencyinside.com\/maquettes\/protect-plus-assurances\/assurance-moto\/#primaryimage"},"image":{"@id":"https:\/\/myagencyinside.com\/maquettes\/protect-plus-assurances\/assurance-moto\/#primaryimage"},"thumbnailUrl":"http:\/\/protect-plus-assurances.fr\/wp-content\/uploads\/2016\/08\/30442708_l-150x150.jpg","datePublished":"2016-08-20T18:26:23+00:00","dateModified":"2020-12-23T09:41:08+00:00","description":"Votre assurance moto avec Protect plus assurances \u00e0 partir de 23 \u20ac pour tous les conducteurs \u00e0 partir de 18 ans nous acceptons toutes les motos","breadcrumb":{"@id":"https:\/\/myagencyinside.com\/maquettes\/protect-plus-assurances\/assurance-moto\/#breadcrumb"},"inLanguage":"fr-FR","potentialAction":[{"@type":"ReadAction","target":["https:\/\/myagencyinside.com\/maquettes\/protect-plus-assurances\/assurance-moto\/"]}]},{"@type":"ImageObject","inLanguage":"fr-FR","@id":"https:\/\/myagencyinside.com\/maquettes\/protect-plus-assurances\/assurance-moto\/#primaryimage","url":"http:\/\/protect-plus-assurances.fr\/wp-content\/uploads\/2016\/08\/30442708_l-150x150.jpg","contentUrl":"http:\/\/protect-plus-assurances.fr\/wp-content\/uploads\/2016\/08\/30442708_l-150x150.jpg"},{"@type":"BreadcrumbList","@id":"https:\/\/myagencyinside.com\/maquettes\/protect-plus-assurances\/assurance-moto\/#breadcrumb","itemListElement":[{"@type":"ListItem","position":1,"name":"Accueil","item":"https:\/\/myagencyinside.com\/maquettes\/protect-plus-assurances\/"},{"@type":"ListItem","position":2,"name":"Assurance Moto"}]},{"@type":"WebSite","@id":"https:\/\/myagencyinside.com\/maquettes\/protect-plus-assurances\/#website","url":"https:\/\/myagencyinside.com\/maquettes\/protect-plus-assurances\/","name":"Protect Plus Assurances","description":"Une assurance au meilleur prix","publisher":{"@id":"https:\/\/myagencyinside.com\/maquettes\/protect-plus-assurances\/#organization"},"potentialAction":[{"@type":"SearchAction","target":{"@type":"EntryPoint","urlTemplate":"https:\/\/myagencyinside.com\/maquettes\/protect-plus-assurances\/?s={search_term_string}"},"query-input":{"@type":"PropertyValueSpecification","valueRequired":true,"valueName":"search_term_string"}}],"inLanguage":"fr-FR"},{"@type":"Organization","@id":"https:\/\/myagencyinside.com\/maquettes\/protect-plus-assurances\/#organization","name":"protect plus assurances","url":"https:\/\/myagencyinside.com\/maquettes\/protect-plus-assurances\/","logo":{"@type":"ImageObject","inLanguage":"fr-FR","@id":"https:\/\/myagencyinside.com\/maquettes\/protect-plus-assurances\/#\/schema\/logo\/image\/","url":"https:\/\/protect-plus-assurances.fr\/wp-content\/uploads\/2021\/05\/output-onlinepngtools.png","contentUrl":"https:\/\/protect-plus-assurances.fr\/wp-content\/uploads\/2021\/05\/output-onlinepngtools.png","width":295,"height":74,"caption":"protect plus assurances"},"image":{"@id":"https:\/\/myagencyinside.com\/maquettes\/protect-plus-assurances\/#\/schema\/logo\/image\/"},"sameAs":["https:\/\/www.facebook.com\/protectplusassurances\/","https:\/\/x.com\/protect_assu","https:\/\/www.linkedin.com\/company\/protect-assurances","https:\/\/www.youtube.com\/channel\/UCoRo994H19PK9HqaTd7y0tg"]},{"@type":"Person","@id":"https:\/\/myagencyinside.com\/maquettes\/protect-plus-assurances\/#\/schema\/person\/e6cf68091b545fe3ec7b0d576a2c8957","name":"Super Admin Protect","sameAs":["https:\/\/protect-plus-assurances.fr"],"url":"https:\/\/myagencyinside.com\/maquettes\/protect-plus-assurances"}]}},"jetpack_featured_media_url":"","jetpack_sharing_enabled":true,"_links":{"self":[{"href":"https:\/\/myagencyinside.com\/maquettes\/protect-plus-assurances\/wp-json\/wp\/v2\/posts\/1507","targetHints":{"allow":["GET"]}}],"collection":[{"href":"https:\/\/myagencyinside.com\/maquettes\/protect-plus-assurances\/wp-json\/wp\/v2\/posts"}],"about":[{"href":"https:\/\/myagencyinside.com\/maquettes\/protect-plus-assurances\/wp-json\/wp\/v2\/types\/post"}],"author":[{"embeddable":true,"href":"https:\/\/myagencyinside.com\/maquettes\/protect-plus-assurances\/wp-json\/wp\/v2\/users\/4"}],"replies":[{"embeddable":true,"href":"https:\/\/myagencyinside.com\/maquettes\/protect-plus-assurances\/wp-json\/wp\/v2\/comments?post=1507"}],"version-history":[{"count":0,"href":"https:\/\/myagencyinside.com\/maquettes\/protect-plus-assurances\/wp-json\/wp\/v2\/posts\/1507\/revisions"}],"wp:attachment":[{"href":"https:\/\/myagencyinside.com\/maquettes\/protect-plus-assurances\/wp-json\/wp\/v2\/media?parent=1507"}],"wp:term":[{"taxonomy":"category","embeddable":true,"href":"https:\/\/myagencyinside.com\/maquettes\/protect-plus-assurances\/wp-json\/wp\/v2\/categories?post=1507"},{"taxonomy":"post_tag","embeddable":true,"href":"https:\/\/myagencyinside.com\/maquettes\/protect-plus-assurances\/wp-json\/wp\/v2\/tags?post=1507"}],"curies":[{"name":"wp","href":"https:\/\/api.w.org\/{rel}","templated":true}]}}