{"id":1510,"date":"2016-08-20T19:00:42","date_gmt":"2016-08-20T18:00:42","guid":{"rendered":"http:\/\/v2.protect-plus-assurances.fr\/?p=1510"},"modified":"2021-01-02T13:46:57","modified_gmt":"2021-01-02T12:46:57","slug":"asssurance-auto-temporaire","status":"publish","type":"post","link":"https:\/\/myagencyinside.com\/maquettes\/protect-plus-assurances\/asssurance-auto-temporaire\/","title":{"rendered":"Assurance auto temporaire"},"content":{"rendered":"<p><img data-recalc-dims=\"1\" fetchpriority=\"high\" decoding=\"async\" class=\"aligncenter wp-image-1513 size-large\" src=\"https:\/\/i0.wp.com\/myagencyinside.com\/maquettes\/protect-plus-assurances\/wp-content\/uploads\/2016\/08\/47938385_l.jpg?resize=1024%2C678&#038;ssl=1\" alt=\"assurance auto temporaire\" width=\"1024\" height=\"678\" srcset=\"https:\/\/i0.wp.com\/myagencyinside.com\/maquettes\/protect-plus-assurances\/wp-content\/uploads\/2016\/08\/47938385_l.jpg?resize=1024%2C678&amp;ssl=1 1024w, https:\/\/i0.wp.com\/myagencyinside.com\/maquettes\/protect-plus-assurances\/wp-content\/uploads\/2016\/08\/47938385_l.jpg?resize=300%2C198&amp;ssl=1 300w, https:\/\/i0.wp.com\/myagencyinside.com\/maquettes\/protect-plus-assurances\/wp-content\/uploads\/2016\/08\/47938385_l.jpg?resize=768%2C508&amp;ssl=1 768w, https:\/\/i0.wp.com\/myagencyinside.com\/maquettes\/protect-plus-assurances\/wp-content\/uploads\/2016\/08\/47938385_l.jpg?resize=200%2C132&amp;ssl=1 200w, https:\/\/i0.wp.com\/myagencyinside.com\/maquettes\/protect-plus-assurances\/wp-content\/uploads\/2016\/08\/47938385_l.jpg?w=2280&amp;ssl=1 2280w\" sizes=\"(max-width: 1024px) 100vw, 1024px\" \/>Avec Protect plus assurances votre assurance auto temporaire de 1 jour \u00e0 90 jours pour des clients utilisant un V\u00e9hicule d&rsquo;une fa\u00e7on temporaire ou des Etranger de passage en France pour des vacances ou souhaitant rapatrier leur Vehicule vers leur pays d&rsquo;origine, notre assurance auto temporaire propose des tarifs tr\u00e8s attractif et le tarif standard quelque sois le V\u00e9hicule, notre assurance auto temporaire est disponible en souscription imm\u00e9diate avec prise d&rsquo;effet dans l&rsquo;heure, vous pouvez souscrire en ligne via notre <a href=\"http:\/\/protect-plus-assurances.fr\/devis-assurance-temporaire-auto\/\" target=\"_blank\" rel=\"noopener noreferrer nofollow\"><u>formulaire devis gratuit<\/u><\/a> ou au t\u00e9l\u00e9phone avec un de nos assureurs conseils au 01 85 095 095 la d\u00e9livrance de votre attestation d&rsquo;assurance est imm\u00e9diate par mail et pour votre confort nous vous assurons quelque soit\u00a0l&rsquo;endroit o\u00f9 vous \u00eates en France via notre plate-forme t\u00e9l\u00e9phonique ou via la souscription en ligne.<!--more--><\/p>\n<p><b>L\u2019int\u00e9r\u00eat de souscrire \u00e0 notre assurance :<\/b><\/p>\n<ul>\n<li>Une dur\u00e9e de vie de contrat limit\u00e9e et d\u00e9finie \u00e0 l\u2019avance ;<\/li>\n<li>En attente d\u2019immatriculation et vous attendez l\u2019obtention de votre carte grise ;<\/li>\n<li>Le droit de franchir les fronti\u00e8res du territoire fran\u00e7ais au-del\u00e0 de 3 jours ;<\/li>\n<li>Assurer une voiture utilis\u00e9e que pendant les vacances d\u2019\u00e9t\u00e9 .<\/li>\n<\/ul>\n<p><b>Cible :<\/b><\/p>\n<p>&#8211; Tous les v\u00e9hicules quel que sois la puissance du vehicule.<br \/>\n&#8211; Conducteur \u00e0 partir de 21 ans<br \/>\n&#8211; Acceptation de tous les permis de conduite<\/p>\n<p><b>Avantage produit :<\/b><\/p>\n<p>&#8211; <a href=\"https:\/\/www.legifrance.gouv.fr\/codes\/id\/LEGISCTA000006157248\/2020-12-23\/\" target=\"_blank\" rel=\"noopener noreferrer nofollow\">Responsabilit\u00e9 civile<\/a> (obligatoire) Responsabilit\u00e9 Civile Responsabilit\u00e9 Civile Responsabilit\u00e9 Civile<br \/>\n&#8211; D\u00e9fense et recours D\u00e9fense P\u00e9nale Recours suite \u00e0 accident D\u00e9fense P\u00e9nale Recours suite \u00e0 accident D\u00e9fense P\u00e9nale &#8212; Recours suite \u00e0 accident<br \/>\n&#8211; Assistance panne (De la dur\u00e9e de votre contrat temporaire)<br \/>\n&#8211; Assistance accident (De la dur\u00e9e de votre contrat temporaire)<br \/>\n&#8211; S\u00e9curit\u00e9 du conducteur (Indemnisation corporelle en cas d\u2019accident grave dans le d\u00e9lai de votre assurance provisoire)<br \/>\n&#8211; Protection juridique (D\u00e9fense de vos droits)<br \/>\n&#8211; Prix standard quelque soit\u00a0le Vehicule.<\/p>\n<p>Avec notre assurance auto temporaire roulez tranquillement.<\/p>\n<p><a href=\"http:\/\/protect-plus-assurances.fr\/devis-assurance-temporaire-auto\/\" target=\"_blank\" rel=\"noopener noreferrer nofollow\"><b><u>DEVIS GRATUIT EN LIGNE\u00a0<\/u><\/b><\/a><\/p>\n","protected":false},"excerpt":{"rendered":"<p>Avec Protect plus assurances votre assurance auto temporaire de 1 jour \u00e0 90 jours pour des clients utilisant un V\u00e9hicule d&rsquo;une fa\u00e7on temporaire ou des Etranger de passage en France pour des vacances ou souhaitant rapatrier leur Vehicule vers leur &hellip; <a href=\"https:\/\/myagencyinside.com\/maquettes\/protect-plus-assurances\/asssurance-auto-temporaire\/\">Read More<\/a> &hellip; <a href=\"https:\/\/myagencyinside.com\/maquettes\/protect-plus-assurances\/asssurance-auto-temporaire\/\">Read More<\/a><\/p>\n","protected":false},"author":4,"featured_media":0,"comment_status":"open","ping_status":"open","sticky":true,"template":"","format":"standard","meta":{"jetpack_post_was_ever_published":false,"_jetpack_newsletter_access":"","_jetpack_dont_email_post_to_subs":false,"_jetpack_newsletter_tier_id":0,"_jetpack_memberships_contains_paywalled_content":false,"_jetpack_memberships_contains_paid_content":false,"footnotes":""},"categories":[15],"tags":[73],"class_list":["post-1510","post","type-post","status-publish","format-standard","hentry","category-assurance-automobile","tag-assurance-auto-temporaire"],"yoast_head":"<!-- This site is optimized with the Yoast SEO Premium plugin v26.9 (Yoast SEO v27.2) - https:\/\/yoast.com\/product\/yoast-seo-premium-wordpress\/ -->\n<title>Assurance auto temporaire - Protect Plus Assurances<\/title>\n<meta name=\"description\" content=\"Assurance auto temporaire avec Protect plus assurances votre assurance temporaire de 1 jour \u00e0 90 jours pour des clients conduisant temporairement\" \/>\n<meta name=\"robots\" content=\"index, follow, max-snippet:-1, max-image-preview:large, max-video-preview:-1\" \/>\n<link rel=\"canonical\" href=\"https:\/\/myagencyinside.com\/maquettes\/protect-plus-assurances\/asssurance-auto-temporaire\/\" \/>\n<meta property=\"og:locale\" content=\"fr_FR\" \/>\n<meta property=\"og:type\" content=\"article\" \/>\n<meta property=\"og:title\" content=\"Assurance auto temporaire\" \/>\n<meta property=\"og:description\" content=\"Assurance auto temporaire avec Protect plus assurances votre assurance temporaire de 1 jour \u00e0 90 jours pour des clients conduisant temporairement\" \/>\n<meta property=\"og:url\" content=\"https:\/\/myagencyinside.com\/maquettes\/protect-plus-assurances\/asssurance-auto-temporaire\/\" \/>\n<meta property=\"og:site_name\" content=\"Protect Plus Assurances\" \/>\n<meta property=\"article:publisher\" content=\"https:\/\/www.facebook.com\/protectplusassurances\/\" \/>\n<meta property=\"article:published_time\" content=\"2016-08-20T18:00:42+00:00\" \/>\n<meta property=\"article:modified_time\" content=\"2021-01-02T12:46:57+00:00\" \/>\n<meta property=\"og:image\" content=\"https:\/\/myagencyinside.com\/maquettes\/protect-plus-assurances\/wp-content\/uploads\/2016\/08\/47938385_l-1024x678.jpg\" \/>\n<meta name=\"author\" content=\"Super Admin Protect\" \/>\n<meta name=\"twitter:card\" content=\"summary_large_image\" \/>\n<meta name=\"twitter:creator\" content=\"@protect_assu\" \/>\n<meta name=\"twitter:site\" content=\"@protect_assu\" \/>\n<meta name=\"twitter:label1\" content=\"\u00c9crit par\" \/>\n\t<meta name=\"twitter:data1\" content=\"Super Admin Protect\" \/>\n\t<meta name=\"twitter:label2\" content=\"Dur\u00e9e de lecture estim\u00e9e\" \/>\n\t<meta name=\"twitter:data2\" content=\"2 minutes\" \/>\n<script type=\"application\/ld+json\" class=\"yoast-schema-graph\">{\"@context\":\"https:\/\/schema.org\",\"@graph\":[{\"@type\":\"Article\",\"@id\":\"https:\/\/myagencyinside.com\/maquettes\/protect-plus-assurances\/asssurance-auto-temporaire\/#article\",\"isPartOf\":{\"@id\":\"https:\/\/myagencyinside.com\/maquettes\/protect-plus-assurances\/asssurance-auto-temporaire\/\"},\"author\":{\"name\":\"Super Admin Protect\",\"@id\":\"https:\/\/myagencyinside.com\/maquettes\/protect-plus-assurances\/#\/schema\/person\/e6cf68091b545fe3ec7b0d576a2c8957\"},\"headline\":\"Assurance auto temporaire\",\"datePublished\":\"2016-08-20T18:00:42+00:00\",\"dateModified\":\"2021-01-02T12:46:57+00:00\",\"mainEntityOfPage\":{\"@id\":\"https:\/\/myagencyinside.com\/maquettes\/protect-plus-assurances\/asssurance-auto-temporaire\/\"},\"wordCount\":338,\"commentCount\":0,\"publisher\":{\"@id\":\"https:\/\/myagencyinside.com\/maquettes\/protect-plus-assurances\/#organization\"},\"image\":{\"@id\":\"https:\/\/myagencyinside.com\/maquettes\/protect-plus-assurances\/asssurance-auto-temporaire\/#primaryimage\"},\"thumbnailUrl\":\"https:\/\/myagencyinside.com\/maquettes\/protect-plus-assurances\/wp-content\/uploads\/2016\/08\/47938385_l-1024x678.jpg\",\"keywords\":[\"ASSURANCE AUTO TEMPORAIRE\"],\"articleSection\":[\"Assurance Automobile\"],\"inLanguage\":\"fr-FR\"},{\"@type\":\"WebPage\",\"@id\":\"https:\/\/myagencyinside.com\/maquettes\/protect-plus-assurances\/asssurance-auto-temporaire\/\",\"url\":\"https:\/\/myagencyinside.com\/maquettes\/protect-plus-assurances\/asssurance-auto-temporaire\/\",\"name\":\"Assurance auto temporaire - Protect Plus Assurances\",\"isPartOf\":{\"@id\":\"https:\/\/myagencyinside.com\/maquettes\/protect-plus-assurances\/#website\"},\"primaryImageOfPage\":{\"@id\":\"https:\/\/myagencyinside.com\/maquettes\/protect-plus-assurances\/asssurance-auto-temporaire\/#primaryimage\"},\"image\":{\"@id\":\"https:\/\/myagencyinside.com\/maquettes\/protect-plus-assurances\/asssurance-auto-temporaire\/#primaryimage\"},\"thumbnailUrl\":\"https:\/\/myagencyinside.com\/maquettes\/protect-plus-assurances\/wp-content\/uploads\/2016\/08\/47938385_l-1024x678.jpg\",\"datePublished\":\"2016-08-20T18:00:42+00:00\",\"dateModified\":\"2021-01-02T12:46:57+00:00\",\"description\":\"Assurance auto temporaire avec Protect plus assurances votre assurance temporaire de 1 jour \u00e0 90 jours pour des clients conduisant temporairement\",\"breadcrumb\":{\"@id\":\"https:\/\/myagencyinside.com\/maquettes\/protect-plus-assurances\/asssurance-auto-temporaire\/#breadcrumb\"},\"inLanguage\":\"fr-FR\",\"potentialAction\":[{\"@type\":\"ReadAction\",\"target\":[\"https:\/\/myagencyinside.com\/maquettes\/protect-plus-assurances\/asssurance-auto-temporaire\/\"]}]},{\"@type\":\"ImageObject\",\"inLanguage\":\"fr-FR\",\"@id\":\"https:\/\/myagencyinside.com\/maquettes\/protect-plus-assurances\/asssurance-auto-temporaire\/#primaryimage\",\"url\":\"https:\/\/i0.wp.com\/myagencyinside.com\/maquettes\/protect-plus-assurances\/wp-content\/uploads\/2016\/08\/47938385_l.jpg?fit=2518%2C1666&ssl=1\",\"contentUrl\":\"https:\/\/i0.wp.com\/myagencyinside.com\/maquettes\/protect-plus-assurances\/wp-content\/uploads\/2016\/08\/47938385_l.jpg?fit=2518%2C1666&ssl=1\",\"width\":2518,\"height\":1666,\"caption\":\"Assurance auto temporaire pas cher\"},{\"@type\":\"BreadcrumbList\",\"@id\":\"https:\/\/myagencyinside.com\/maquettes\/protect-plus-assurances\/asssurance-auto-temporaire\/#breadcrumb\",\"itemListElement\":[{\"@type\":\"ListItem\",\"position\":1,\"name\":\"Accueil\",\"item\":\"https:\/\/myagencyinside.com\/maquettes\/protect-plus-assurances\/\"},{\"@type\":\"ListItem\",\"position\":2,\"name\":\"Assurance auto temporaire\"}]},{\"@type\":\"WebSite\",\"@id\":\"https:\/\/myagencyinside.com\/maquettes\/protect-plus-assurances\/#website\",\"url\":\"https:\/\/myagencyinside.com\/maquettes\/protect-plus-assurances\/\",\"name\":\"Protect Plus Assurances\",\"description\":\"Une assurance au meilleur prix\",\"publisher\":{\"@id\":\"https:\/\/myagencyinside.com\/maquettes\/protect-plus-assurances\/#organization\"},\"potentialAction\":[{\"@type\":\"SearchAction\",\"target\":{\"@type\":\"EntryPoint\",\"urlTemplate\":\"https:\/\/myagencyinside.com\/maquettes\/protect-plus-assurances\/?s={search_term_string}\"},\"query-input\":{\"@type\":\"PropertyValueSpecification\",\"valueRequired\":true,\"valueName\":\"search_term_string\"}}],\"inLanguage\":\"fr-FR\"},{\"@type\":\"Organization\",\"@id\":\"https:\/\/myagencyinside.com\/maquettes\/protect-plus-assurances\/#organization\",\"name\":\"protect plus assurances\",\"url\":\"https:\/\/myagencyinside.com\/maquettes\/protect-plus-assurances\/\",\"logo\":{\"@type\":\"ImageObject\",\"inLanguage\":\"fr-FR\",\"@id\":\"https:\/\/myagencyinside.com\/maquettes\/protect-plus-assurances\/#\/schema\/logo\/image\/\",\"url\":\"https:\/\/protect-plus-assurances.fr\/wp-content\/uploads\/2021\/05\/output-onlinepngtools.png\",\"contentUrl\":\"https:\/\/protect-plus-assurances.fr\/wp-content\/uploads\/2021\/05\/output-onlinepngtools.png\",\"width\":295,\"height\":74,\"caption\":\"protect plus assurances\"},\"image\":{\"@id\":\"https:\/\/myagencyinside.com\/maquettes\/protect-plus-assurances\/#\/schema\/logo\/image\/\"},\"sameAs\":[\"https:\/\/www.facebook.com\/protectplusassurances\/\",\"https:\/\/x.com\/protect_assu\",\"https:\/\/www.linkedin.com\/company\/protect-assurances\",\"https:\/\/www.youtube.com\/channel\/UCoRo994H19PK9HqaTd7y0tg\"]},{\"@type\":\"Person\",\"@id\":\"https:\/\/myagencyinside.com\/maquettes\/protect-plus-assurances\/#\/schema\/person\/e6cf68091b545fe3ec7b0d576a2c8957\",\"name\":\"Super Admin Protect\",\"sameAs\":[\"https:\/\/protect-plus-assurances.fr\"],\"url\":\"https:\/\/myagencyinside.com\/maquettes\/protect-plus-assurances\"}]}<\/script>\n<!-- \/ Yoast SEO Premium plugin. -->","yoast_head_json":{"title":"Assurance auto temporaire - Protect Plus Assurances","description":"Assurance auto temporaire avec Protect plus assurances votre assurance temporaire de 1 jour \u00e0 90 jours pour des clients conduisant temporairement","robots":{"index":"index","follow":"follow","max-snippet":"max-snippet:-1","max-image-preview":"max-image-preview:large","max-video-preview":"max-video-preview:-1"},"canonical":"https:\/\/myagencyinside.com\/maquettes\/protect-plus-assurances\/asssurance-auto-temporaire\/","og_locale":"fr_FR","og_type":"article","og_title":"Assurance auto temporaire","og_description":"Assurance auto temporaire avec Protect plus assurances votre assurance temporaire de 1 jour \u00e0 90 jours pour des clients conduisant temporairement","og_url":"https:\/\/myagencyinside.com\/maquettes\/protect-plus-assurances\/asssurance-auto-temporaire\/","og_site_name":"Protect Plus Assurances","article_publisher":"https:\/\/www.facebook.com\/protectplusassurances\/","article_published_time":"2016-08-20T18:00:42+00:00","article_modified_time":"2021-01-02T12:46:57+00:00","og_image":[{"url":"https:\/\/myagencyinside.com\/maquettes\/protect-plus-assurances\/wp-content\/uploads\/2016\/08\/47938385_l-1024x678.jpg","type":"","width":"","height":""}],"author":"Super Admin Protect","twitter_card":"summary_large_image","twitter_creator":"@protect_assu","twitter_site":"@protect_assu","twitter_misc":{"\u00c9crit par":"Super Admin Protect","Dur\u00e9e de lecture estim\u00e9e":"2 minutes"},"schema":{"@context":"https:\/\/schema.org","@graph":[{"@type":"Article","@id":"https:\/\/myagencyinside.com\/maquettes\/protect-plus-assurances\/asssurance-auto-temporaire\/#article","isPartOf":{"@id":"https:\/\/myagencyinside.com\/maquettes\/protect-plus-assurances\/asssurance-auto-temporaire\/"},"author":{"name":"Super Admin Protect","@id":"https:\/\/myagencyinside.com\/maquettes\/protect-plus-assurances\/#\/schema\/person\/e6cf68091b545fe3ec7b0d576a2c8957"},"headline":"Assurance auto temporaire","datePublished":"2016-08-20T18:00:42+00:00","dateModified":"2021-01-02T12:46:57+00:00","mainEntityOfPage":{"@id":"https:\/\/myagencyinside.com\/maquettes\/protect-plus-assurances\/asssurance-auto-temporaire\/"},"wordCount":338,"commentCount":0,"publisher":{"@id":"https:\/\/myagencyinside.com\/maquettes\/protect-plus-assurances\/#organization"},"image":{"@id":"https:\/\/myagencyinside.com\/maquettes\/protect-plus-assurances\/asssurance-auto-temporaire\/#primaryimage"},"thumbnailUrl":"https:\/\/myagencyinside.com\/maquettes\/protect-plus-assurances\/wp-content\/uploads\/2016\/08\/47938385_l-1024x678.jpg","keywords":["ASSURANCE AUTO TEMPORAIRE"],"articleSection":["Assurance Automobile"],"inLanguage":"fr-FR"},{"@type":"WebPage","@id":"https:\/\/myagencyinside.com\/maquettes\/protect-plus-assurances\/asssurance-auto-temporaire\/","url":"https:\/\/myagencyinside.com\/maquettes\/protect-plus-assurances\/asssurance-auto-temporaire\/","name":"Assurance auto temporaire - Protect Plus Assurances","isPartOf":{"@id":"https:\/\/myagencyinside.com\/maquettes\/protect-plus-assurances\/#website"},"primaryImageOfPage":{"@id":"https:\/\/myagencyinside.com\/maquettes\/protect-plus-assurances\/asssurance-auto-temporaire\/#primaryimage"},"image":{"@id":"https:\/\/myagencyinside.com\/maquettes\/protect-plus-assurances\/asssurance-auto-temporaire\/#primaryimage"},"thumbnailUrl":"https:\/\/myagencyinside.com\/maquettes\/protect-plus-assurances\/wp-content\/uploads\/2016\/08\/47938385_l-1024x678.jpg","datePublished":"2016-08-20T18:00:42+00:00","dateModified":"2021-01-02T12:46:57+00:00","description":"Assurance auto temporaire avec Protect plus assurances votre assurance temporaire de 1 jour \u00e0 90 jours pour des clients conduisant temporairement","breadcrumb":{"@id":"https:\/\/myagencyinside.com\/maquettes\/protect-plus-assurances\/asssurance-auto-temporaire\/#breadcrumb"},"inLanguage":"fr-FR","potentialAction":[{"@type":"ReadAction","target":["https:\/\/myagencyinside.com\/maquettes\/protect-plus-assurances\/asssurance-auto-temporaire\/"]}]},{"@type":"ImageObject","inLanguage":"fr-FR","@id":"https:\/\/myagencyinside.com\/maquettes\/protect-plus-assurances\/asssurance-auto-temporaire\/#primaryimage","url":"https:\/\/i0.wp.com\/myagencyinside.com\/maquettes\/protect-plus-assurances\/wp-content\/uploads\/2016\/08\/47938385_l.jpg?fit=2518%2C1666&ssl=1","contentUrl":"https:\/\/i0.wp.com\/myagencyinside.com\/maquettes\/protect-plus-assurances\/wp-content\/uploads\/2016\/08\/47938385_l.jpg?fit=2518%2C1666&ssl=1","width":2518,"height":1666,"caption":"Assurance auto temporaire pas cher"},{"@type":"BreadcrumbList","@id":"https:\/\/myagencyinside.com\/maquettes\/protect-plus-assurances\/asssurance-auto-temporaire\/#breadcrumb","itemListElement":[{"@type":"ListItem","position":1,"name":"Accueil","item":"https:\/\/myagencyinside.com\/maquettes\/protect-plus-assurances\/"},{"@type":"ListItem","position":2,"name":"Assurance auto temporaire"}]},{"@type":"WebSite","@id":"https:\/\/myagencyinside.com\/maquettes\/protect-plus-assurances\/#website","url":"https:\/\/myagencyinside.com\/maquettes\/protect-plus-assurances\/","name":"Protect Plus Assurances","description":"Une assurance au meilleur prix","publisher":{"@id":"https:\/\/myagencyinside.com\/maquettes\/protect-plus-assurances\/#organization"},"potentialAction":[{"@type":"SearchAction","target":{"@type":"EntryPoint","urlTemplate":"https:\/\/myagencyinside.com\/maquettes\/protect-plus-assurances\/?s={search_term_string}"},"query-input":{"@type":"PropertyValueSpecification","valueRequired":true,"valueName":"search_term_string"}}],"inLanguage":"fr-FR"},{"@type":"Organization","@id":"https:\/\/myagencyinside.com\/maquettes\/protect-plus-assurances\/#organization","name":"protect plus assurances","url":"https:\/\/myagencyinside.com\/maquettes\/protect-plus-assurances\/","logo":{"@type":"ImageObject","inLanguage":"fr-FR","@id":"https:\/\/myagencyinside.com\/maquettes\/protect-plus-assurances\/#\/schema\/logo\/image\/","url":"https:\/\/protect-plus-assurances.fr\/wp-content\/uploads\/2021\/05\/output-onlinepngtools.png","contentUrl":"https:\/\/protect-plus-assurances.fr\/wp-content\/uploads\/2021\/05\/output-onlinepngtools.png","width":295,"height":74,"caption":"protect plus assurances"},"image":{"@id":"https:\/\/myagencyinside.com\/maquettes\/protect-plus-assurances\/#\/schema\/logo\/image\/"},"sameAs":["https:\/\/www.facebook.com\/protectplusassurances\/","https:\/\/x.com\/protect_assu","https:\/\/www.linkedin.com\/company\/protect-assurances","https:\/\/www.youtube.com\/channel\/UCoRo994H19PK9HqaTd7y0tg"]},{"@type":"Person","@id":"https:\/\/myagencyinside.com\/maquettes\/protect-plus-assurances\/#\/schema\/person\/e6cf68091b545fe3ec7b0d576a2c8957","name":"Super Admin Protect","sameAs":["https:\/\/protect-plus-assurances.fr"],"url":"https:\/\/myagencyinside.com\/maquettes\/protect-plus-assurances"}]}},"jetpack_featured_media_url":"","jetpack_sharing_enabled":true,"_links":{"self":[{"href":"https:\/\/myagencyinside.com\/maquettes\/protect-plus-assurances\/wp-json\/wp\/v2\/posts\/1510","targetHints":{"allow":["GET"]}}],"collection":[{"href":"https:\/\/myagencyinside.com\/maquettes\/protect-plus-assurances\/wp-json\/wp\/v2\/posts"}],"about":[{"href":"https:\/\/myagencyinside.com\/maquettes\/protect-plus-assurances\/wp-json\/wp\/v2\/types\/post"}],"author":[{"embeddable":true,"href":"https:\/\/myagencyinside.com\/maquettes\/protect-plus-assurances\/wp-json\/wp\/v2\/users\/4"}],"replies":[{"embeddable":true,"href":"https:\/\/myagencyinside.com\/maquettes\/protect-plus-assurances\/wp-json\/wp\/v2\/comments?post=1510"}],"version-history":[{"count":0,"href":"https:\/\/myagencyinside.com\/maquettes\/protect-plus-assurances\/wp-json\/wp\/v2\/posts\/1510\/revisions"}],"wp:attachment":[{"href":"https:\/\/myagencyinside.com\/maquettes\/protect-plus-assurances\/wp-json\/wp\/v2\/media?parent=1510"}],"wp:term":[{"taxonomy":"category","embeddable":true,"href":"https:\/\/myagencyinside.com\/maquettes\/protect-plus-assurances\/wp-json\/wp\/v2\/categories?post=1510"},{"taxonomy":"post_tag","embeddable":true,"href":"https:\/\/myagencyinside.com\/maquettes\/protect-plus-assurances\/wp-json\/wp\/v2\/tags?post=1510"}],"curies":[{"name":"wp","href":"https:\/\/api.w.org\/{rel}","templated":true}]}}