{"id":1967,"date":"2020-12-14T18:53:28","date_gmt":"2020-12-14T17:53:28","guid":{"rendered":"https:\/\/v2.protect-plus-assurances.fr\/?p=1967"},"modified":"2022-06-11T10:15:28","modified_gmt":"2022-06-11T09:15:28","slug":"assurance-auto-suite-a-un-retrait","status":"publish","type":"post","link":"https:\/\/myagencyinside.com\/maquettes\/protect-plus-assurances\/assurance-auto-suite-a-un-retrait\/","title":{"rendered":"Assurance auto suite \u00e0 un retrait"},"content":{"rendered":"\r\n<h2><b>Tout savoir sur la souscription d\u2019une assurance automobile apr\u00e8s un retrait ou une suspension de permis<\/b><\/h2>\r\n<p>Suite \u00e0 la perte de points, une suspension de votre permis automobile peut avoir lieu. D\u00e8s que vous avez re\u00e7u un avis de r\u00e9tention, vous devez agir en prenant les bonnes d\u00e9cisions. De ce fait, nous avons mis \u00e0 votre disposition un tarificateur ci-dessus. Il donnera une estimation pr\u00e9cise de votre <!--more--><a href=\"https:\/\/myagencyinside.com\/maquettes\/protect-plus-assurances\/devis-assurance-automobile\/\">assurance auto suite \u00e0 un retrait<\/a>. C\u2019est un puissant outil de comparaison d\u00e8s que vous rencontrez un retrait, une suspension ou une annulation de permis.<\/p>\r\n<p>Si jamais vous observez le moindre blocage, n\u2019h\u00e9sitez pas \u00e0 joindre notre service de gestion. Il vous suffira de transmettre les justificatifs pour l\u2019obtention d\u2019un devis personnalis\u00e9.<\/p>\r\n<p>Notre service doit prendre connaissance du type de condamnation. C\u2019est pourquoi les renseignements seront \u00e0 nous retourner par mail ou par courrier postal via les documents officiels.<\/p>\r\n<p>&nbsp;<\/p>\r\n<h2>Une suspension du permis en cas de consommation de stup\u00e9fiants ou d\u2019alcool\u00e9mie<\/h2>\r\n<p>une condamnation judiciaire sous emprise de stup\u00e9fiants ou <a href=\"https:\/\/www.securite-routiere.gouv.fr\/reglementation-liee-aux-risques\/reglementation-de-lalcool-au-volant\" target=\"_blank\" rel=\"noopener noreferrer nofollow\">d\u2019alcool\u00e9mie<\/a> implique la transmission des documents officiels.<\/p>\r\n<p>Ces informations sont \u00e0 nous communiquer afin de prendre connaissance du taux d\u2019alcool\u00e9mie et du type de stup\u00e9fiants.<\/p>\r\n<ul>\r\n<li>Ces informations sont directement regroup\u00e9es dans des documents officiels tels que :<\/li>\r\n<li>La communication de la d\u00e9cision judiciaire.<\/li>\r\n<li>La copie du jugement.<\/li>\r\n<li>Les minutes du greffe du tribunal ou l\u2019ordonnance de condamnation p\u00e9nale<\/li>\r\n<li>La contravention ainsi que l\u2019avis de r\u00e9tention du permis de conduire.<\/li>\r\n<\/ul>\r\n<p>La validation du dossier s\u2019op\u00e8re uniquement si vous disposez d\u2019un minimum de 9 mois d\u2019assurance en tant que conducteur principal. Le contrat doit \u00eatre \u00e0 votre nom au cours des trois derni\u00e8res ann\u00e9es pr\u00e9c\u00e9dant la souscription du contrat auto.<\/p>\r\n<p><img data-recalc-dims=\"1\" fetchpriority=\"high\" decoding=\"async\" class=\"aligncenter wp-image-1991 size-large\" src=\"https:\/\/i0.wp.com\/myagencyinside.com\/maquettes\/protect-plus-assurances\/wp-content\/uploads\/2020\/12\/40590782_l.jpg?resize=1024%2C585&#038;ssl=1\" alt=\"Assurance auto retrait permis\" width=\"1024\" height=\"585\" srcset=\"https:\/\/i0.wp.com\/myagencyinside.com\/maquettes\/protect-plus-assurances\/wp-content\/uploads\/2020\/12\/40590782_l-scaled.jpg?resize=1024%2C585&amp;ssl=1 1024w, https:\/\/i0.wp.com\/myagencyinside.com\/maquettes\/protect-plus-assurances\/wp-content\/uploads\/2020\/12\/40590782_l-scaled.jpg?resize=300%2C171&amp;ssl=1 300w, https:\/\/i0.wp.com\/myagencyinside.com\/maquettes\/protect-plus-assurances\/wp-content\/uploads\/2020\/12\/40590782_l-scaled.jpg?resize=768%2C439&amp;ssl=1 768w, https:\/\/i0.wp.com\/myagencyinside.com\/maquettes\/protect-plus-assurances\/wp-content\/uploads\/2020\/12\/40590782_l-scaled.jpg?resize=200%2C114&amp;ssl=1 200w, https:\/\/i0.wp.com\/myagencyinside.com\/maquettes\/protect-plus-assurances\/wp-content\/uploads\/2020\/12\/40590782_l-scaled.jpg?resize=1536%2C878&amp;ssl=1 1536w, https:\/\/i0.wp.com\/myagencyinside.com\/maquettes\/protect-plus-assurances\/wp-content\/uploads\/2020\/12\/40590782_l-scaled.jpg?resize=2048%2C1170&amp;ssl=1 2048w, https:\/\/i0.wp.com\/myagencyinside.com\/maquettes\/protect-plus-assurances\/wp-content\/uploads\/2020\/12\/40590782_l-scaled.jpg?w=2280&amp;ssl=1 2280w\" sizes=\"(max-width: 1024px) 100vw, 1024px\" \/><\/p>\r\n<h2>L\u2019assurance auto suite \u00e0 un retrait du permis de conduire pour d\u00e9faut de points<\/h2>\r\n<p>Il est imp\u00e9ratif de nous faire parvenir l\u2019un de ces documents :<\/p>\r\n<ul>\r\n<li>La lettre 48 SI<\/li>\r\n<li>Le r\u00e9c\u00e9piss\u00e9 d\u2019annulation de permis pour solde de points nul<\/li>\r\n<li>La d\u00e9cision du tribunal<\/li>\r\n<li>Le relev\u00e9 d\u2019information restreint ou int\u00e9gral concernant votre condamnation.<\/li>\r\n<\/ul>\r\n<p>Il faudra \u00e9galement joindre la copie recto-verso de votre permis de conduire et de votre carte grise. Les relev\u00e9s d\u2019informations des trois derni\u00e8res ann\u00e9es seront \u00e9galement \u00e0 transmettre.<\/p>\r\n<h2>La confidentialit\u00e9 de vos donn\u00e9es concernant l\u2019assurance auto suite \u00e0 un retrait<\/h2>\r\n<p>L\u2019article L225-5 du code de la route alin\u00e9a 7 est une r\u00e9f\u00e9rence.<\/p>\r\n<p>En premier lieu, les compagnies d\u2019assurances re\u00e7oivent les renseignements sur la validit\u00e9 et la cat\u00e9gorie du permis de conduire.<\/p>\r\n<p>Le d\u00e9tail d\u2019une infraction n\u2019est jamais communiqu\u00e9 \u00e0 une assurance. La sanction administrative n\u2019est ici pas applicable. Ce qui fait que ce renseignement ne sera pas port\u00e9 \u00e0 connaissance des services de la pr\u00e9fecture.<\/p>\r\n<h2>La signification et l\u2019interpr\u00e9tation de ce texte<\/h2>\r\n<p>la compagnie d\u2019assurances ne per\u00e7oit pas les renseignements de suspension retrait ou l\u2019annulation du permis de conduire. Sauf en cas d\u2019accident qui engage la responsabilit\u00e9 du conducteur. Le texte de loi prot\u00e8ge l\u2019automobiliste par l\u2019absence de transmission des informations d\u2019infraction aux compagnies d\u2019assurances. Elle ne peut avoir connaissance de la suspension ou le retrait de permis si l\u2019assur\u00e9 ne transmet pas les informations.<\/p>\r\n<p>Cependant le contrat d\u2019assurance est consid\u00e9r\u00e9 comme nul en cas d\u2019accident corporel, mat\u00e9riel ou grave.<\/p>\r\n","protected":false},"excerpt":{"rendered":"<p>Tout savoir sur la souscription d\u2019une assurance automobile apr\u00e8s un retrait ou une suspension de permis Suite \u00e0 la perte de points, une suspension de votre permis automobile peut avoir lieu. D\u00e8s que vous avez re\u00e7u un avis de r\u00e9tention, &hellip; <a href=\"https:\/\/myagencyinside.com\/maquettes\/protect-plus-assurances\/assurance-auto-suite-a-un-retrait\/\">Read More<\/a> &hellip; <a href=\"https:\/\/myagencyinside.com\/maquettes\/protect-plus-assurances\/assurance-auto-suite-a-un-retrait\/\">Read More<\/a><\/p>\n","protected":false},"author":4,"featured_media":1969,"comment_status":"closed","ping_status":"closed","sticky":true,"template":"","format":"standard","meta":{"jetpack_post_was_ever_published":false,"_jetpack_newsletter_access":"","_jetpack_dont_email_post_to_subs":false,"_jetpack_newsletter_tier_id":0,"_jetpack_memberships_contains_paywalled_content":false,"_jetpack_memberships_contains_paid_content":false,"footnotes":""},"categories":[15],"tags":[88],"class_list":["post-1967","post","type-post","status-publish","format-standard","has-post-thumbnail","hentry","category-assurance-automobile","tag-assurance-auto-suite-a-un-retrait"],"yoast_head":"<!-- This site is optimized with the Yoast SEO Premium plugin v26.9 (Yoast SEO v27.2) - https:\/\/yoast.com\/product\/yoast-seo-premium-wordpress\/ -->\n<title>L&#039;assurance auto suite \u00e0 un retrait ou annulation du permis<\/title>\n<meta name=\"description\" content=\"La souscription \u00e0 une assurance auto suite au retrait de votre permis ou une suspension. Toutes les informations utiles dans notre guide.\" \/>\n<meta name=\"robots\" content=\"index, follow, max-snippet:-1, max-image-preview:large, max-video-preview:-1\" \/>\n<link rel=\"canonical\" href=\"https:\/\/myagencyinside.com\/maquettes\/protect-plus-assurances\/assurance-auto-suite-a-un-retrait\/\" \/>\n<meta property=\"og:locale\" content=\"fr_FR\" \/>\n<meta property=\"og:type\" content=\"article\" \/>\n<meta property=\"og:title\" content=\"Assurance auto suite \u00e0 un retrait\" \/>\n<meta property=\"og:description\" content=\"La souscription \u00e0 une assurance auto suite au retrait de votre permis ou une suspension. Toutes les informations utiles dans notre guide.\" \/>\n<meta property=\"og:url\" content=\"https:\/\/myagencyinside.com\/maquettes\/protect-plus-assurances\/assurance-auto-suite-a-un-retrait\/\" \/>\n<meta property=\"og:site_name\" content=\"Protect Plus Assurances\" \/>\n<meta property=\"article:publisher\" content=\"https:\/\/www.facebook.com\/protectplusassurances\/\" \/>\n<meta property=\"article:published_time\" content=\"2020-12-14T17:53:28+00:00\" \/>\n<meta property=\"article:modified_time\" content=\"2022-06-11T09:15:28+00:00\" \/>\n<meta property=\"og:image\" content=\"https:\/\/i0.wp.com\/myagencyinside.com\/maquettes\/protect-plus-assurances\/wp-content\/uploads\/2020\/12\/27700706_l-scaled.jpg?fit=2560%2C1696&ssl=1\" \/>\n\t<meta property=\"og:image:width\" content=\"2560\" \/>\n\t<meta property=\"og:image:height\" content=\"1696\" \/>\n\t<meta property=\"og:image:type\" content=\"image\/jpeg\" \/>\n<meta name=\"author\" content=\"Super Admin Protect\" \/>\n<meta name=\"twitter:card\" content=\"summary_large_image\" \/>\n<meta name=\"twitter:creator\" content=\"@protect_assu\" \/>\n<meta name=\"twitter:site\" content=\"@protect_assu\" \/>\n<meta name=\"twitter:label1\" content=\"\u00c9crit par\" \/>\n\t<meta name=\"twitter:data1\" content=\"Super Admin Protect\" \/>\n\t<meta name=\"twitter:label2\" content=\"Dur\u00e9e de lecture estim\u00e9e\" \/>\n\t<meta name=\"twitter:data2\" content=\"3 minutes\" \/>\n<script type=\"application\/ld+json\" class=\"yoast-schema-graph\">{\"@context\":\"https:\/\/schema.org\",\"@graph\":[{\"@type\":\"Article\",\"@id\":\"https:\/\/myagencyinside.com\/maquettes\/protect-plus-assurances\/assurance-auto-suite-a-un-retrait\/#article\",\"isPartOf\":{\"@id\":\"https:\/\/myagencyinside.com\/maquettes\/protect-plus-assurances\/assurance-auto-suite-a-un-retrait\/\"},\"author\":{\"name\":\"Super Admin Protect\",\"@id\":\"https:\/\/myagencyinside.com\/maquettes\/protect-plus-assurances\/#\/schema\/person\/e6cf68091b545fe3ec7b0d576a2c8957\"},\"headline\":\"Assurance auto suite \u00e0 un retrait\",\"datePublished\":\"2020-12-14T17:53:28+00:00\",\"dateModified\":\"2022-06-11T09:15:28+00:00\",\"mainEntityOfPage\":{\"@id\":\"https:\/\/myagencyinside.com\/maquettes\/protect-plus-assurances\/assurance-auto-suite-a-un-retrait\/\"},\"wordCount\":588,\"publisher\":{\"@id\":\"https:\/\/myagencyinside.com\/maquettes\/protect-plus-assurances\/#organization\"},\"image\":{\"@id\":\"https:\/\/myagencyinside.com\/maquettes\/protect-plus-assurances\/assurance-auto-suite-a-un-retrait\/#primaryimage\"},\"thumbnailUrl\":\"https:\/\/i0.wp.com\/myagencyinside.com\/maquettes\/protect-plus-assurances\/wp-content\/uploads\/2020\/12\/27700706_l-scaled.jpg?fit=2560%2C1696&ssl=1\",\"keywords\":[\"Assurance auto suite \u00e0 un retrait\"],\"articleSection\":[\"Assurance Automobile\"],\"inLanguage\":\"fr-FR\"},{\"@type\":\"WebPage\",\"@id\":\"https:\/\/myagencyinside.com\/maquettes\/protect-plus-assurances\/assurance-auto-suite-a-un-retrait\/\",\"url\":\"https:\/\/myagencyinside.com\/maquettes\/protect-plus-assurances\/assurance-auto-suite-a-un-retrait\/\",\"name\":\"L'assurance auto suite \u00e0 un retrait ou annulation du permis\",\"isPartOf\":{\"@id\":\"https:\/\/myagencyinside.com\/maquettes\/protect-plus-assurances\/#website\"},\"primaryImageOfPage\":{\"@id\":\"https:\/\/myagencyinside.com\/maquettes\/protect-plus-assurances\/assurance-auto-suite-a-un-retrait\/#primaryimage\"},\"image\":{\"@id\":\"https:\/\/myagencyinside.com\/maquettes\/protect-plus-assurances\/assurance-auto-suite-a-un-retrait\/#primaryimage\"},\"thumbnailUrl\":\"https:\/\/i0.wp.com\/myagencyinside.com\/maquettes\/protect-plus-assurances\/wp-content\/uploads\/2020\/12\/27700706_l-scaled.jpg?fit=2560%2C1696&ssl=1\",\"datePublished\":\"2020-12-14T17:53:28+00:00\",\"dateModified\":\"2022-06-11T09:15:28+00:00\",\"description\":\"La souscription \u00e0 une assurance auto suite au retrait de votre permis ou une suspension. Toutes les informations utiles dans notre guide.\",\"breadcrumb\":{\"@id\":\"https:\/\/myagencyinside.com\/maquettes\/protect-plus-assurances\/assurance-auto-suite-a-un-retrait\/#breadcrumb\"},\"inLanguage\":\"fr-FR\",\"potentialAction\":[{\"@type\":\"ReadAction\",\"target\":[\"https:\/\/myagencyinside.com\/maquettes\/protect-plus-assurances\/assurance-auto-suite-a-un-retrait\/\"]}]},{\"@type\":\"ImageObject\",\"inLanguage\":\"fr-FR\",\"@id\":\"https:\/\/myagencyinside.com\/maquettes\/protect-plus-assurances\/assurance-auto-suite-a-un-retrait\/#primaryimage\",\"url\":\"https:\/\/i0.wp.com\/myagencyinside.com\/maquettes\/protect-plus-assurances\/wp-content\/uploads\/2020\/12\/27700706_l-scaled.jpg?fit=2560%2C1696&ssl=1\",\"contentUrl\":\"https:\/\/i0.wp.com\/myagencyinside.com\/maquettes\/protect-plus-assurances\/wp-content\/uploads\/2020\/12\/27700706_l-scaled.jpg?fit=2560%2C1696&ssl=1\",\"width\":2560,\"height\":1696,\"caption\":\"Assurance auto retrait de permis\"},{\"@type\":\"BreadcrumbList\",\"@id\":\"https:\/\/myagencyinside.com\/maquettes\/protect-plus-assurances\/assurance-auto-suite-a-un-retrait\/#breadcrumb\",\"itemListElement\":[{\"@type\":\"ListItem\",\"position\":1,\"name\":\"Accueil\",\"item\":\"https:\/\/myagencyinside.com\/maquettes\/protect-plus-assurances\/\"},{\"@type\":\"ListItem\",\"position\":2,\"name\":\"Assurance auto suite \u00e0 un retrait\"}]},{\"@type\":\"WebSite\",\"@id\":\"https:\/\/myagencyinside.com\/maquettes\/protect-plus-assurances\/#website\",\"url\":\"https:\/\/myagencyinside.com\/maquettes\/protect-plus-assurances\/\",\"name\":\"Protect Plus Assurances\",\"description\":\"Une assurance au meilleur prix\",\"publisher\":{\"@id\":\"https:\/\/myagencyinside.com\/maquettes\/protect-plus-assurances\/#organization\"},\"potentialAction\":[{\"@type\":\"SearchAction\",\"target\":{\"@type\":\"EntryPoint\",\"urlTemplate\":\"https:\/\/myagencyinside.com\/maquettes\/protect-plus-assurances\/?s={search_term_string}\"},\"query-input\":{\"@type\":\"PropertyValueSpecification\",\"valueRequired\":true,\"valueName\":\"search_term_string\"}}],\"inLanguage\":\"fr-FR\"},{\"@type\":\"Organization\",\"@id\":\"https:\/\/myagencyinside.com\/maquettes\/protect-plus-assurances\/#organization\",\"name\":\"protect plus assurances\",\"url\":\"https:\/\/myagencyinside.com\/maquettes\/protect-plus-assurances\/\",\"logo\":{\"@type\":\"ImageObject\",\"inLanguage\":\"fr-FR\",\"@id\":\"https:\/\/myagencyinside.com\/maquettes\/protect-plus-assurances\/#\/schema\/logo\/image\/\",\"url\":\"https:\/\/protect-plus-assurances.fr\/wp-content\/uploads\/2021\/05\/output-onlinepngtools.png\",\"contentUrl\":\"https:\/\/protect-plus-assurances.fr\/wp-content\/uploads\/2021\/05\/output-onlinepngtools.png\",\"width\":295,\"height\":74,\"caption\":\"protect plus assurances\"},\"image\":{\"@id\":\"https:\/\/myagencyinside.com\/maquettes\/protect-plus-assurances\/#\/schema\/logo\/image\/\"},\"sameAs\":[\"https:\/\/www.facebook.com\/protectplusassurances\/\",\"https:\/\/x.com\/protect_assu\",\"https:\/\/www.linkedin.com\/company\/protect-assurances\",\"https:\/\/www.youtube.com\/channel\/UCoRo994H19PK9HqaTd7y0tg\"]},{\"@type\":\"Person\",\"@id\":\"https:\/\/myagencyinside.com\/maquettes\/protect-plus-assurances\/#\/schema\/person\/e6cf68091b545fe3ec7b0d576a2c8957\",\"name\":\"Super Admin Protect\",\"sameAs\":[\"https:\/\/protect-plus-assurances.fr\"],\"url\":\"https:\/\/myagencyinside.com\/maquettes\/protect-plus-assurances\"}]}<\/script>\n<!-- \/ Yoast SEO Premium plugin. -->","yoast_head_json":{"title":"L'assurance auto suite \u00e0 un retrait ou annulation du permis","description":"La souscription \u00e0 une assurance auto suite au retrait de votre permis ou une suspension. Toutes les informations utiles dans notre guide.","robots":{"index":"index","follow":"follow","max-snippet":"max-snippet:-1","max-image-preview":"max-image-preview:large","max-video-preview":"max-video-preview:-1"},"canonical":"https:\/\/myagencyinside.com\/maquettes\/protect-plus-assurances\/assurance-auto-suite-a-un-retrait\/","og_locale":"fr_FR","og_type":"article","og_title":"Assurance auto suite \u00e0 un retrait","og_description":"La souscription \u00e0 une assurance auto suite au retrait de votre permis ou une suspension. Toutes les informations utiles dans notre guide.","og_url":"https:\/\/myagencyinside.com\/maquettes\/protect-plus-assurances\/assurance-auto-suite-a-un-retrait\/","og_site_name":"Protect Plus Assurances","article_publisher":"https:\/\/www.facebook.com\/protectplusassurances\/","article_published_time":"2020-12-14T17:53:28+00:00","article_modified_time":"2022-06-11T09:15:28+00:00","og_image":[{"width":2560,"height":1696,"url":"https:\/\/i0.wp.com\/myagencyinside.com\/maquettes\/protect-plus-assurances\/wp-content\/uploads\/2020\/12\/27700706_l-scaled.jpg?fit=2560%2C1696&ssl=1","type":"image\/jpeg"}],"author":"Super Admin Protect","twitter_card":"summary_large_image","twitter_creator":"@protect_assu","twitter_site":"@protect_assu","twitter_misc":{"\u00c9crit par":"Super Admin Protect","Dur\u00e9e de lecture estim\u00e9e":"3 minutes"},"schema":{"@context":"https:\/\/schema.org","@graph":[{"@type":"Article","@id":"https:\/\/myagencyinside.com\/maquettes\/protect-plus-assurances\/assurance-auto-suite-a-un-retrait\/#article","isPartOf":{"@id":"https:\/\/myagencyinside.com\/maquettes\/protect-plus-assurances\/assurance-auto-suite-a-un-retrait\/"},"author":{"name":"Super Admin Protect","@id":"https:\/\/myagencyinside.com\/maquettes\/protect-plus-assurances\/#\/schema\/person\/e6cf68091b545fe3ec7b0d576a2c8957"},"headline":"Assurance auto suite \u00e0 un retrait","datePublished":"2020-12-14T17:53:28+00:00","dateModified":"2022-06-11T09:15:28+00:00","mainEntityOfPage":{"@id":"https:\/\/myagencyinside.com\/maquettes\/protect-plus-assurances\/assurance-auto-suite-a-un-retrait\/"},"wordCount":588,"publisher":{"@id":"https:\/\/myagencyinside.com\/maquettes\/protect-plus-assurances\/#organization"},"image":{"@id":"https:\/\/myagencyinside.com\/maquettes\/protect-plus-assurances\/assurance-auto-suite-a-un-retrait\/#primaryimage"},"thumbnailUrl":"https:\/\/i0.wp.com\/myagencyinside.com\/maquettes\/protect-plus-assurances\/wp-content\/uploads\/2020\/12\/27700706_l-scaled.jpg?fit=2560%2C1696&ssl=1","keywords":["Assurance auto suite \u00e0 un retrait"],"articleSection":["Assurance Automobile"],"inLanguage":"fr-FR"},{"@type":"WebPage","@id":"https:\/\/myagencyinside.com\/maquettes\/protect-plus-assurances\/assurance-auto-suite-a-un-retrait\/","url":"https:\/\/myagencyinside.com\/maquettes\/protect-plus-assurances\/assurance-auto-suite-a-un-retrait\/","name":"L'assurance auto suite \u00e0 un retrait ou annulation du permis","isPartOf":{"@id":"https:\/\/myagencyinside.com\/maquettes\/protect-plus-assurances\/#website"},"primaryImageOfPage":{"@id":"https:\/\/myagencyinside.com\/maquettes\/protect-plus-assurances\/assurance-auto-suite-a-un-retrait\/#primaryimage"},"image":{"@id":"https:\/\/myagencyinside.com\/maquettes\/protect-plus-assurances\/assurance-auto-suite-a-un-retrait\/#primaryimage"},"thumbnailUrl":"https:\/\/i0.wp.com\/myagencyinside.com\/maquettes\/protect-plus-assurances\/wp-content\/uploads\/2020\/12\/27700706_l-scaled.jpg?fit=2560%2C1696&ssl=1","datePublished":"2020-12-14T17:53:28+00:00","dateModified":"2022-06-11T09:15:28+00:00","description":"La souscription \u00e0 une assurance auto suite au retrait de votre permis ou une suspension. Toutes les informations utiles dans notre guide.","breadcrumb":{"@id":"https:\/\/myagencyinside.com\/maquettes\/protect-plus-assurances\/assurance-auto-suite-a-un-retrait\/#breadcrumb"},"inLanguage":"fr-FR","potentialAction":[{"@type":"ReadAction","target":["https:\/\/myagencyinside.com\/maquettes\/protect-plus-assurances\/assurance-auto-suite-a-un-retrait\/"]}]},{"@type":"ImageObject","inLanguage":"fr-FR","@id":"https:\/\/myagencyinside.com\/maquettes\/protect-plus-assurances\/assurance-auto-suite-a-un-retrait\/#primaryimage","url":"https:\/\/i0.wp.com\/myagencyinside.com\/maquettes\/protect-plus-assurances\/wp-content\/uploads\/2020\/12\/27700706_l-scaled.jpg?fit=2560%2C1696&ssl=1","contentUrl":"https:\/\/i0.wp.com\/myagencyinside.com\/maquettes\/protect-plus-assurances\/wp-content\/uploads\/2020\/12\/27700706_l-scaled.jpg?fit=2560%2C1696&ssl=1","width":2560,"height":1696,"caption":"Assurance auto retrait de permis"},{"@type":"BreadcrumbList","@id":"https:\/\/myagencyinside.com\/maquettes\/protect-plus-assurances\/assurance-auto-suite-a-un-retrait\/#breadcrumb","itemListElement":[{"@type":"ListItem","position":1,"name":"Accueil","item":"https:\/\/myagencyinside.com\/maquettes\/protect-plus-assurances\/"},{"@type":"ListItem","position":2,"name":"Assurance auto suite \u00e0 un retrait"}]},{"@type":"WebSite","@id":"https:\/\/myagencyinside.com\/maquettes\/protect-plus-assurances\/#website","url":"https:\/\/myagencyinside.com\/maquettes\/protect-plus-assurances\/","name":"Protect Plus Assurances","description":"Une assurance au meilleur prix","publisher":{"@id":"https:\/\/myagencyinside.com\/maquettes\/protect-plus-assurances\/#organization"},"potentialAction":[{"@type":"SearchAction","target":{"@type":"EntryPoint","urlTemplate":"https:\/\/myagencyinside.com\/maquettes\/protect-plus-assurances\/?s={search_term_string}"},"query-input":{"@type":"PropertyValueSpecification","valueRequired":true,"valueName":"search_term_string"}}],"inLanguage":"fr-FR"},{"@type":"Organization","@id":"https:\/\/myagencyinside.com\/maquettes\/protect-plus-assurances\/#organization","name":"protect plus assurances","url":"https:\/\/myagencyinside.com\/maquettes\/protect-plus-assurances\/","logo":{"@type":"ImageObject","inLanguage":"fr-FR","@id":"https:\/\/myagencyinside.com\/maquettes\/protect-plus-assurances\/#\/schema\/logo\/image\/","url":"https:\/\/protect-plus-assurances.fr\/wp-content\/uploads\/2021\/05\/output-onlinepngtools.png","contentUrl":"https:\/\/protect-plus-assurances.fr\/wp-content\/uploads\/2021\/05\/output-onlinepngtools.png","width":295,"height":74,"caption":"protect plus assurances"},"image":{"@id":"https:\/\/myagencyinside.com\/maquettes\/protect-plus-assurances\/#\/schema\/logo\/image\/"},"sameAs":["https:\/\/www.facebook.com\/protectplusassurances\/","https:\/\/x.com\/protect_assu","https:\/\/www.linkedin.com\/company\/protect-assurances","https:\/\/www.youtube.com\/channel\/UCoRo994H19PK9HqaTd7y0tg"]},{"@type":"Person","@id":"https:\/\/myagencyinside.com\/maquettes\/protect-plus-assurances\/#\/schema\/person\/e6cf68091b545fe3ec7b0d576a2c8957","name":"Super Admin Protect","sameAs":["https:\/\/protect-plus-assurances.fr"],"url":"https:\/\/myagencyinside.com\/maquettes\/protect-plus-assurances"}]}},"jetpack_featured_media_url":"https:\/\/i0.wp.com\/myagencyinside.com\/maquettes\/protect-plus-assurances\/wp-content\/uploads\/2020\/12\/27700706_l-scaled.jpg?fit=2560%2C1696&ssl=1","jetpack_sharing_enabled":true,"_links":{"self":[{"href":"https:\/\/myagencyinside.com\/maquettes\/protect-plus-assurances\/wp-json\/wp\/v2\/posts\/1967","targetHints":{"allow":["GET"]}}],"collection":[{"href":"https:\/\/myagencyinside.com\/maquettes\/protect-plus-assurances\/wp-json\/wp\/v2\/posts"}],"about":[{"href":"https:\/\/myagencyinside.com\/maquettes\/protect-plus-assurances\/wp-json\/wp\/v2\/types\/post"}],"author":[{"embeddable":true,"href":"https:\/\/myagencyinside.com\/maquettes\/protect-plus-assurances\/wp-json\/wp\/v2\/users\/4"}],"replies":[{"embeddable":true,"href":"https:\/\/myagencyinside.com\/maquettes\/protect-plus-assurances\/wp-json\/wp\/v2\/comments?post=1967"}],"version-history":[{"count":0,"href":"https:\/\/myagencyinside.com\/maquettes\/protect-plus-assurances\/wp-json\/wp\/v2\/posts\/1967\/revisions"}],"wp:featuredmedia":[{"embeddable":true,"href":"https:\/\/myagencyinside.com\/maquettes\/protect-plus-assurances\/wp-json\/wp\/v2\/media\/1969"}],"wp:attachment":[{"href":"https:\/\/myagencyinside.com\/maquettes\/protect-plus-assurances\/wp-json\/wp\/v2\/media?parent=1967"}],"wp:term":[{"taxonomy":"category","embeddable":true,"href":"https:\/\/myagencyinside.com\/maquettes\/protect-plus-assurances\/wp-json\/wp\/v2\/categories?post=1967"},{"taxonomy":"post_tag","embeddable":true,"href":"https:\/\/myagencyinside.com\/maquettes\/protect-plus-assurances\/wp-json\/wp\/v2\/tags?post=1967"}],"curies":[{"name":"wp","href":"https:\/\/api.w.org\/{rel}","templated":true}]}}